{"id":40819,"date":"2022-01-27T18:04:04","date_gmt":"2022-01-28T00:04:04","guid":{"rendered":"https:\/\/interaccionnoticias.com.mx\/?p=40819"},"modified":"2022-01-27T18:04:09","modified_gmt":"2022-01-28T00:04:09","slug":"obispo-pone-en-duda-participacion-de-los-ardillos-en-los-ataques-de-buena-vista","status":"publish","type":"post","link":"https:\/\/www.interaccionnoticias.com.mx\/?p=40819","title":{"rendered":"Obispo pone en duda participaci\u00f3n de \u201cLos Ardillos\u201d en los ataques de Buena Vista"},"content":{"rendered":"\n<p><strong><em>&#8211; \u201cEl pleito es por otro lado\u201d, dice Salvador Rangel Mendoza<br>&#8211; Confunde a la UPOEG con el FUSDEG, pero asegura que el territorio de \u201cLos Ardillos\u201d son los m\u00e1s seguros de Guerrero<\/em><\/strong><\/p>\n\n\n\n<p><strong>Rogelio Agust\u00edn<\/strong><\/p>\n\n\n\n<p>El obispo de Chilpancingo, Salvador Rangel Mendoza sostuvo que la zona que controla el grupo delictivo de \u201cLos Ardillos\u201d es de los territorios m\u00e1s seguros del Estado, tambi\u00e9n manifest\u00f3 que \u201ccasi\u201d tiene la certeza de que ellos no tuvieron relaci\u00f3n con el ataque armado registrado en la comunidad de Buena Vista de la Salud, donde murieron cuatro autodefensas de la Uni\u00f3n de Pueblos y Organizaciones del Estado de Guerrero (UPOEG).<\/p>\n\n\n\n<p>En las instalaciones de la residencia Oficial Casa Guerrero, donde acudi\u00f3 para presenciar el mensaje de la gobernadora Evelyn Cesia Salgado Pineda, en el contexto de sus primeros cien d\u00edas de labores, Rangel Mendoza lament\u00f3 que hasta el momento no se le haya convocado para dialogar respecto a la propuesta que tiene para promover la pacificaci\u00f3n de la entidad.<\/p>\n\n\n\n<p>Dijo que desde la administraci\u00f3n de H\u00e9ctor Astudillo Flores, tiene planteamientos concretos respecto a como trabajar en el conflicto que prevalece en la regi\u00f3n Norte, en la Tierra Caliente y tambi\u00e9n en algunos puntos de la Monta\u00f1a.<\/p>\n\n\n\n<p>Aunque hubo alguna se\u00f1al de disposici\u00f3n, se\u00f1al\u00f3 que hasta el momento, no se ha conseguido aterrizar una mesa de trabajo con la gobernadora Evelyn Salgado Pineda.<\/p>\n\n\n\n<p>Cuestionado sobre los problemas que existen en la regi\u00f3n Centro y la Monta\u00f1a baja de Guerrero, a partir de la presencia de ciertos grupos delictivos, Rangel Mendoza destac\u00f3 que la zona en que operan Los Ardillos, \u201ces de las m\u00e1s seguras del estado de Guerrero\u201d.<\/p>\n\n\n\n<p>Respecto al se\u00f1alamiento hecho por el dirigente de la UPOEG, Bruno Placido Valerio, en el sentido de que fueron integrantes de dicha organizaci\u00f3n los que participaron en los ataques del 26 de enero, Rangel Mendoza manifest\u00f3 que no hay certeza plena del hecho, por lo que estableci\u00f3 que \u201cHay que probar si en realidad fueron ellos\u201d.<\/p>\n\n\n\n<p>Luego destac\u00f3: \u201cNo hay evidencia, casi estoy seguro de que no fueron ellos\u201d.<\/p>\n\n\n\n<p>De acuerdo con la apreciaci\u00f3n del jerarca religioso, \u201ctodo comenz\u00f3 cuando mataron al comandante (Maximino Alejo Prudencio) de la UPOEG, esa organizaci\u00f3n dijo abiertamente quienes hab\u00edan sido, se\u00f1alaron incluso a un maestro de la Universidad Aut\u00f3noma de Guerrero (UAGro)\u201d.<\/p>\n\n\n\n<p>En todo caso, dijo que \u201cel pleito (de la UPOEG) es con otro grupo, no con esos se\u00f1ores\u201d.<\/p>\n\n\n\n<p>El comandante Maximino Alejo era parte del Frente Unido por la Seguridad y el Desarrollo del Estado de Guerrero (FUSDEG), organizaci\u00f3n que tiene presencia en Tierra Colorada, la cual tambi\u00e9n tiene varios a\u00f1os distanciada de la UPOEG.<\/p>\n","protected":false},"excerpt":{"rendered":"<p>&#8211; \u201cEl pleito es por otro lado\u201d, dice Salvador Rangel Mendoza&#8211; Confunde a la UPOEG con el FUSDEG, pero asegura que el territorio de \u201cLos Ardillos\u201d son los m\u00e1s seguros&hellip; <\/p>\n","protected":false},"author":21,"featured_media":40822,"comment_status":"open","ping_status":"open","sticky":false,"template":"","format":"standard","meta":{"fifu_image_url":"","fifu_image_alt":"","footnotes":""},"categories":[27],"tags":[],"class_list":["post-40819","post","type-post","status-publish","format-standard","has-post-thumbnail","hentry","category-seguridad-publica"],"_links":{"self":[{"href":"https:\/\/www.interaccionnoticias.com.mx\/index.php?rest_route=\/wp\/v2\/posts\/40819","targetHints":{"allow":["GET"]}}],"collection":[{"href":"https:\/\/www.interaccionnoticias.com.mx\/index.php?rest_route=\/wp\/v2\/posts"}],"about":[{"href":"https:\/\/www.interaccionnoticias.com.mx\/index.php?rest_route=\/wp\/v2\/types\/post"}],"author":[{"embeddable":true,"href":"https:\/\/www.interaccionnoticias.com.mx\/index.php?rest_route=\/wp\/v2\/users\/21"}],"replies":[{"embeddable":true,"href":"https:\/\/www.interaccionnoticias.com.mx\/index.php?rest_route=%2Fwp%2Fv2%2Fcomments&post=40819"}],"version-history":[{"count":1,"href":"https:\/\/www.interaccionnoticias.com.mx\/index.php?rest_route=\/wp\/v2\/posts\/40819\/revisions"}],"predecessor-version":[{"id":40823,"href":"https:\/\/www.interaccionnoticias.com.mx\/index.php?rest_route=\/wp\/v2\/posts\/40819\/revisions\/40823"}],"wp:featuredmedia":[{"embeddable":true,"href":"https:\/\/www.interaccionnoticias.com.mx\/index.php?rest_route=\/wp\/v2\/media\/40822"}],"wp:attachment":[{"href":"https:\/\/www.interaccionnoticias.com.mx\/index.php?rest_route=%2Fwp%2Fv2%2Fmedia&parent=40819"}],"wp:term":[{"taxonomy":"category","embeddable":true,"href":"https:\/\/www.interaccionnoticias.com.mx\/index.php?rest_route=%2Fwp%2Fv2%2Fcategories&post=40819"},{"taxonomy":"post_tag","embeddable":true,"href":"https:\/\/www.interaccionnoticias.com.mx\/index.php?rest_route=%2Fwp%2Fv2%2Ftags&post=40819"}],"curies":[{"name":"wp","href":"https:\/\/api.w.org\/{rel}","templated":true}]}}