{"id":40816,"date":"2022-01-27T12:50:37","date_gmt":"2022-01-27T18:50:37","guid":{"rendered":"https:\/\/interaccionnoticias.com.mx\/?p=40816"},"modified":"2022-01-27T12:50:42","modified_gmt":"2022-01-27T18:50:42","slug":"la-fge-no-tiene-conocimiento-del-movil-del-ataque-contra-upoeg-en-buenavista","status":"publish","type":"post","link":"https:\/\/www.interaccionnoticias.com.mx\/?p=40816","title":{"rendered":"La FGE no tiene conocimiento del m\u00f3vil del ataque contra UPOEG en Buenavista"},"content":{"rendered":"\n<p><strong><em>&#8211; Pero ya avanza en las investigaciones<\/em><\/strong>\u00a0<\/p>\n\n\n\n<p><strong>Rosario Garc\u00eda Orozco<\/strong><\/p>\n\n\n\n<p><strong>Chilpancingo, Gro., 27 de enero del 2022.-<\/strong> La fiscal General del estado, Sandra Luz Valdovinos Salmer\u00f3n, inform\u00f3 que ya hay avances en las\u00a0\u00a0investigaciones sobre el enfrentamiento de este mi\u00e9rcoles en Buenavista de la Salud en el que perdieron la vida 6 personas y una result\u00f3 herida.<\/p>\n\n\n\n<p>Confi\u00f3 en que luego de las el investigaciones pronto se de con los responsables de esos hechos de violencia cometidos contra el campamento de la Uni\u00f3n de Pueblos y Organizaciones del Estado de Guerrero (UPOEG) de Buenavista de la Salud, municipio de Chilpancingo.<\/p>\n\n\n\n<p>Record\u00f3 que debido a la secrec\u00eda que debe guardarse no puede informar sobre los avances de las primeras l\u00edneas de investigaci\u00f3n, \u00aben cuanto tengamos el resultado se le har\u00e1 del conocimiento a la sociedad\u00bb.<\/p>\n\n\n\n<p>Agreg\u00f3 que a\u00fan no se tiene conocimiento del m\u00f3vil de los hechos, \u00abtodav\u00eda no lo tenemos definido claramente como para adelantar un pronunciamiento\u00bb.&nbsp;<\/p>\n\n\n\n<p>La fiscal de Guerrero fue abordada por medios de comunicaci\u00f3n al t\u00e9rmino del informe de los 100 d\u00edas del gobierno de Evelyn Salgado Pineda, donde se le cuestion\u00f3 tambi\u00e9n sobre el avance de las investigaciones por la desaparici\u00f3n de personas en los municipios ind\u00edgenas de Atlixtac y Jos\u00e9 Joaqu\u00edn de Herrera, despu\u00e9s de ser detenidos por la polic\u00eda municipal de ambos lugares.&nbsp;<\/p>\n\n\n\n<p>Al respecto, Valdovinos Salmer\u00f3n dijo que se inici\u00f3 la investigaci\u00f3n respectiva, y esa instancia ya colabora con la Comisi\u00f3n Naci\u00f3n Nacional de Derechos Humanos, \u00abvamos avanzando.&nbsp;&nbsp;Esperamos tener resultados positivos y poder localizar a las personas\u00bb.&nbsp;<\/p>\n\n\n\n<p>La fiscal evit\u00f3 tambi\u00e9n dar informes sobre las investigaciones que se siguen por el homicidio de dos hombres sobre la costera Miguel Alem\u00e1n en Acapulco este mi\u00e9rcoles, hechos sumados a una jornada de violencia en distintos puntos del estado.&nbsp;<\/p>\n\n\n\n<p>Sobre el particular, coment\u00f3 que \u00abse mantiene la reserva de la averiguaci\u00f3n y en&nbsp;&nbsp;cuanto tengamos una informaci\u00f3n definitiva, que ya pueda ser p\u00fablica, con mucho gusto se les va a hacer saber\u00bb, y sobre los t\u00e9rminos para dar resultados, la funcionaria agreg\u00f3: \u00abmientras no proscriban los delitos, se debe continuar con la investigaci\u00f3n\u00bb.&nbsp;<\/p>\n\n\n\n<p>Finalmente, acept\u00f3 tener conocimiento de que hay familias desplazadas por violencia en comunidades de La Monta\u00f1a y de la Sierra de diferentes regiones del estado, pero \u00abno es competencia de la Fiscal\u00eda pronunciarse sobre esos desplazamientos, tendremos que esperar a que los \u00f3rganos competentes lo hagan\u00bb, a pesar de lo grave de esa situaci\u00f3n \u00abpero no es propio de la Fiscal\u00eda\u00bb.<\/p>\n","protected":false},"excerpt":{"rendered":"<p>&#8211; Pero ya avanza en las investigaciones\u00a0 Rosario Garc\u00eda Orozco Chilpancingo, Gro., 27 de enero del 2022.- La fiscal General del estado, Sandra Luz Valdovinos Salmer\u00f3n, inform\u00f3 que ya hay&hellip; <\/p>\n","protected":false},"author":21,"featured_media":40817,"comment_status":"open","ping_status":"open","sticky":false,"template":"","format":"standard","meta":{"fifu_image_url":"","fifu_image_alt":"","footnotes":""},"categories":[27],"tags":[],"class_list":["post-40816","post","type-post","status-publish","format-standard","has-post-thumbnail","hentry","category-seguridad-publica"],"_links":{"self":[{"href":"https:\/\/www.interaccionnoticias.com.mx\/index.php?rest_route=\/wp\/v2\/posts\/40816","targetHints":{"allow":["GET"]}}],"collection":[{"href":"https:\/\/www.interaccionnoticias.com.mx\/index.php?rest_route=\/wp\/v2\/posts"}],"about":[{"href":"https:\/\/www.interaccionnoticias.com.mx\/index.php?rest_route=\/wp\/v2\/types\/post"}],"author":[{"embeddable":true,"href":"https:\/\/www.interaccionnoticias.com.mx\/index.php?rest_route=\/wp\/v2\/users\/21"}],"replies":[{"embeddable":true,"href":"https:\/\/www.interaccionnoticias.com.mx\/index.php?rest_route=%2Fwp%2Fv2%2Fcomments&post=40816"}],"version-history":[{"count":1,"href":"https:\/\/www.interaccionnoticias.com.mx\/index.php?rest_route=\/wp\/v2\/posts\/40816\/revisions"}],"predecessor-version":[{"id":40818,"href":"https:\/\/www.interaccionnoticias.com.mx\/index.php?rest_route=\/wp\/v2\/posts\/40816\/revisions\/40818"}],"wp:featuredmedia":[{"embeddable":true,"href":"https:\/\/www.interaccionnoticias.com.mx\/index.php?rest_route=\/wp\/v2\/media\/40817"}],"wp:attachment":[{"href":"https:\/\/www.interaccionnoticias.com.mx\/index.php?rest_route=%2Fwp%2Fv2%2Fmedia&parent=40816"}],"wp:term":[{"taxonomy":"category","embeddable":true,"href":"https:\/\/www.interaccionnoticias.com.mx\/index.php?rest_route=%2Fwp%2Fv2%2Fcategories&post=40816"},{"taxonomy":"post_tag","embeddable":true,"href":"https:\/\/www.interaccionnoticias.com.mx\/index.php?rest_route=%2Fwp%2Fv2%2Ftags&post=40816"}],"curies":[{"name":"wp","href":"https:\/\/api.w.org\/{rel}","templated":true}]}}