{"id":40813,"date":"2022-01-27T09:58:27","date_gmt":"2022-01-27T15:58:27","guid":{"rendered":"https:\/\/interaccionnoticias.com.mx\/?p=40813"},"modified":"2022-01-27T09:58:31","modified_gmt":"2022-01-27T15:58:31","slug":"upoeg-condena-el-homicidio-de-uno-de-sus-integrantes-durante-el-ataque-de-la-tarde-del-miercoles-en-buenavista-de-la-salud","status":"publish","type":"post","link":"https:\/\/www.interaccionnoticias.com.mx\/?p=40813","title":{"rendered":"UPOEG condena el homicidio de uno de sus integrantes durante el ataque de la tarde del mi\u00e9rcoles en Buenavista de la Salud"},"content":{"rendered":"\n<p><strong>Rosario Garc\u00eda Orozco<\/strong><\/p>\n\n\n\n<p><strong>Chilpancingo, Gro., 27 de enero del 2022.-<\/strong> Durante el ataque de civiles armados que se registr\u00f3 la tarde del mi\u00e9rcoles 26 de enero, contra el campamento de la Uni\u00f3n de Pueblos y Organizaciones del Estado de Guerrero (UPOEG) de Buenavista de la Salud, perteneciente a Chilpancingo, perdi\u00f3 la vida el polic\u00eda comunitario y maestro cetegistas, Mario Zamora, hecho que conden\u00f3 el dirigente de la organizaci\u00f3n, Bruno Pl\u00e1cido Valerio.<\/p>\n\n\n\n<p>El l\u00edder comunitario record\u00f3 que Mario Zamora, egresado de la escuela normal rural de Ayotzinapa y profesor activo de primaria.<\/p>\n\n\n\n<p>Adem\u00e1s fue secretario de organizaci\u00f3n de la Coordinadora Estatal de Trabajadores de la Educaci\u00f3n en Guerrero (CETEG) durante las jornadas de lucha contra la reforma educativa \u00abneoliberal\u00bb, impulsada por Enrique Pe\u00f1a Nieto en 2013.<\/p>\n\n\n\n<p>Bruno Pl\u00e1cido explic\u00f3 que su compa\u00f1ero comunitario \u00abcoordin\u00f3 y dirigi\u00f3 los grandes contingentes de maestros movilizados, as\u00ed como de los grupos de avanzada ante la agresi\u00f3n de los polic\u00edas antimotines; incluso, confront\u00f3 al mal llamado <code>comandante Espartaco<\/code>, jefe operacional de la Polic\u00eda Federal Antimotines designado para reprimir la protesta magisterial en el estado\u00bb.<\/p>\n\n\n\n<p>El dirigente de la UPOEG en el estado conden\u00f3 el hecho de que la violencia contin\u00fae a la alza en el estado de Guerrero, y record\u00f3 que el maestro cetegistas,se integr\u00f3 al grupo de polic\u00edas comunitarios de la UPOEG, \u00abuna organizaci\u00f3n social de autodefensa y gesti\u00f3n para el desarrollo comunitario, donde asumi\u00f3 el compromiso y responsabilidad de enfrentar a grupos criminales que asolaban a su comunidad Buena Vista de La Salud y otras comunidades del valle del Ocotito, en el municipio de Chilpancingo, Guerrero\u00bb.<\/p>\n\n\n\n<p>Poco antes de la agresi\u00f3n de civiles armados contra el Campamento de UPOEG en Buenavista de la Salud, se registr\u00f3 otro ataque contra polic\u00edas estatales, y entre ambos enfrentamientos murieron 5 personas y una result\u00f3 herida. La balacera tardo poco m\u00e1s de una hora y aterroriz\u00f3 a los habitantes de esa comunidad.<\/p>\n\n\n\n<p>\u00abHoy ha partido un gran compa\u00f1ero, un gran camarada, un gran maestro, un gran normalista, un gran amigo, congruente y consecuente con sus principios y valores. Exigimos y demandamos a las autoridades estatales y federales el castigo a los culpables de este cobarde asesinato. Hoy como ayer, el estado de Guerrero vive en la injusticia e impunidad criminal, y ni la supuesta Cuarta transformaci\u00f3n ha sido capaz de poner un alto a todo este caos de violencia social y pol\u00edtica que se vive d\u00eda con d\u00eda\u00bb, asegur\u00f3 Pl\u00e1cido Valerio.<\/p>\n","protected":false},"excerpt":{"rendered":"<p>Rosario Garc\u00eda Orozco Chilpancingo, Gro., 27 de enero del 2022.- Durante el ataque de civiles armados que se registr\u00f3 la tarde del mi\u00e9rcoles 26 de enero, contra el campamento de&hellip; <\/p>\n","protected":false},"author":14,"featured_media":40807,"comment_status":"open","ping_status":"open","sticky":false,"template":"","format":"standard","meta":{"fifu_image_url":"","fifu_image_alt":"","footnotes":""},"categories":[15],"tags":[],"class_list":["post-40813","post","type-post","status-publish","format-standard","has-post-thumbnail","hentry","category-movimientos-sociales"],"_links":{"self":[{"href":"https:\/\/www.interaccionnoticias.com.mx\/index.php?rest_route=\/wp\/v2\/posts\/40813","targetHints":{"allow":["GET"]}}],"collection":[{"href":"https:\/\/www.interaccionnoticias.com.mx\/index.php?rest_route=\/wp\/v2\/posts"}],"about":[{"href":"https:\/\/www.interaccionnoticias.com.mx\/index.php?rest_route=\/wp\/v2\/types\/post"}],"author":[{"embeddable":true,"href":"https:\/\/www.interaccionnoticias.com.mx\/index.php?rest_route=\/wp\/v2\/users\/14"}],"replies":[{"embeddable":true,"href":"https:\/\/www.interaccionnoticias.com.mx\/index.php?rest_route=%2Fwp%2Fv2%2Fcomments&post=40813"}],"version-history":[{"count":1,"href":"https:\/\/www.interaccionnoticias.com.mx\/index.php?rest_route=\/wp\/v2\/posts\/40813\/revisions"}],"predecessor-version":[{"id":40814,"href":"https:\/\/www.interaccionnoticias.com.mx\/index.php?rest_route=\/wp\/v2\/posts\/40813\/revisions\/40814"}],"wp:featuredmedia":[{"embeddable":true,"href":"https:\/\/www.interaccionnoticias.com.mx\/index.php?rest_route=\/wp\/v2\/media\/40807"}],"wp:attachment":[{"href":"https:\/\/www.interaccionnoticias.com.mx\/index.php?rest_route=%2Fwp%2Fv2%2Fmedia&parent=40813"}],"wp:term":[{"taxonomy":"category","embeddable":true,"href":"https:\/\/www.interaccionnoticias.com.mx\/index.php?rest_route=%2Fwp%2Fv2%2Fcategories&post=40813"},{"taxonomy":"post_tag","embeddable":true,"href":"https:\/\/www.interaccionnoticias.com.mx\/index.php?rest_route=%2Fwp%2Fv2%2Ftags&post=40813"}],"curies":[{"name":"wp","href":"https:\/\/api.w.org\/{rel}","templated":true}]}}