{"id":40768,"date":"2022-01-26T18:02:15","date_gmt":"2022-01-27T00:02:15","guid":{"rendered":"https:\/\/interaccionnoticias.com.mx\/?p=40768"},"modified":"2022-01-26T18:02:19","modified_gmt":"2022-01-27T00:02:19","slug":"mario-moreno-arcos-da-positivo-a-covid-19","status":"publish","type":"post","link":"https:\/\/www.interaccionnoticias.com.mx\/?p=40768","title":{"rendered":"Mario Moreno Arcos da positivo a Covid-19"},"content":{"rendered":"\n<p><strong><em>&#8211; El ex candidato a la gubernatura y aspirante a la dirigencia estatal del PRI, llama a extremar las medidas de prevenci\u00f3n contra el Covid-19<\/em><\/strong><\/p>\n\n\n\n<p><strong>Rogelio Agust\u00edn<\/strong><\/p>\n\n\n\n<p>El ex candidato a la gubernatura y aspirante a la dirigencia estatal del PRI, Mario Moreno Arcos inform\u00f3 que dio positivo a Covid-19, por lo que permanecer\u00e1 aislado durante algunos d\u00edas y llam\u00f3 a la poblaci\u00f3n para no bajar la guardia en cuanto a las medidas de prevenci\u00f3n.<\/p>\n\n\n\n<p>En sus redes sociales, Moreno Arcos se dirigi\u00f3 a sus simpatizantes para informar: \u201cQuiero compartirles que result\u00e9 positivo a Covid (19)\u201d.<\/p>\n\n\n\n<p>Luego explica: \u201cTengo por fortuna molestias muy leves pero no he querido dejar pasar la ocasi\u00f3n para pedirles que se cuiden mucho, nadie debe confiarse ni tomarlo a la ligera\u201d.<\/p>\n\n\n\n<p>El mensaje cierra: \u201cPor favor, extremen precauciones porque el contagio est\u00e1 muy fuerte, no bajen la guardia, ninguna medida de protecci\u00f3n es exagerada\u201d.<\/p>\n\n\n\n<p>Hasta entrada la tarde del mi\u00e9rcoles 26 de enero, la publicaci\u00f3n de Moreno Arcos ten\u00eda 749 reacciones y 290 comentarios, en tanto que se hab\u00eda compartido 19 veces.<\/p>\n\n\n\n<p>Entre las personas que reaccionaron a la publicaci\u00f3n del dos veces alcalde de Chilpancingo, se encuentran militantes en activo del PRI, ex colaboradores, amigos personales y aliados del PRD.<\/p>\n\n\n\n<p>La jornada del martes, Moreno Arcos public\u00f3 una imagen en la que aprec\u00eda con su hermano Ricardo y el ex presidente municipal de Xalpatlahuac, Rosendo Larios Rosas.<\/p>\n\n\n\n<p>El fin de semana difundi\u00f3 im\u00e1genes de visitas realizadas en el puerto de Acapulco y antes, en Chilpancingo se reuni\u00f3n con los ex alcaldes de dicho municipio; Jorge Le\u00f3n Robledo, Efr\u00e9n Leyva Acevedo y Jos\u00e9 Luis Peralta Lobato.<\/p>\n","protected":false},"excerpt":{"rendered":"<p>&#8211; El ex candidato a la gubernatura y aspirante a la dirigencia estatal del PRI, llama a extremar las medidas de prevenci\u00f3n contra el Covid-19 Rogelio Agust\u00edn El ex candidato&hellip; <\/p>\n","protected":false},"author":21,"featured_media":40769,"comment_status":"open","ping_status":"open","sticky":false,"template":"","format":"standard","meta":{"fifu_image_url":"","fifu_image_alt":"","footnotes":""},"categories":[3],"tags":[],"class_list":["post-40768","post","type-post","status-publish","format-standard","has-post-thumbnail","hentry","category-covid-19"],"_links":{"self":[{"href":"https:\/\/www.interaccionnoticias.com.mx\/index.php?rest_route=\/wp\/v2\/posts\/40768","targetHints":{"allow":["GET"]}}],"collection":[{"href":"https:\/\/www.interaccionnoticias.com.mx\/index.php?rest_route=\/wp\/v2\/posts"}],"about":[{"href":"https:\/\/www.interaccionnoticias.com.mx\/index.php?rest_route=\/wp\/v2\/types\/post"}],"author":[{"embeddable":true,"href":"https:\/\/www.interaccionnoticias.com.mx\/index.php?rest_route=\/wp\/v2\/users\/21"}],"replies":[{"embeddable":true,"href":"https:\/\/www.interaccionnoticias.com.mx\/index.php?rest_route=%2Fwp%2Fv2%2Fcomments&post=40768"}],"version-history":[{"count":1,"href":"https:\/\/www.interaccionnoticias.com.mx\/index.php?rest_route=\/wp\/v2\/posts\/40768\/revisions"}],"predecessor-version":[{"id":40770,"href":"https:\/\/www.interaccionnoticias.com.mx\/index.php?rest_route=\/wp\/v2\/posts\/40768\/revisions\/40770"}],"wp:featuredmedia":[{"embeddable":true,"href":"https:\/\/www.interaccionnoticias.com.mx\/index.php?rest_route=\/wp\/v2\/media\/40769"}],"wp:attachment":[{"href":"https:\/\/www.interaccionnoticias.com.mx\/index.php?rest_route=%2Fwp%2Fv2%2Fmedia&parent=40768"}],"wp:term":[{"taxonomy":"category","embeddable":true,"href":"https:\/\/www.interaccionnoticias.com.mx\/index.php?rest_route=%2Fwp%2Fv2%2Fcategories&post=40768"},{"taxonomy":"post_tag","embeddable":true,"href":"https:\/\/www.interaccionnoticias.com.mx\/index.php?rest_route=%2Fwp%2Fv2%2Ftags&post=40768"}],"curies":[{"name":"wp","href":"https:\/\/api.w.org\/{rel}","templated":true}]}}