{"id":40763,"date":"2022-01-26T17:55:20","date_gmt":"2022-01-26T23:55:20","guid":{"rendered":"https:\/\/interaccionnoticias.com.mx\/?p=40763"},"modified":"2022-01-26T17:55:24","modified_gmt":"2022-01-26T23:55:24","slug":"encargada-de-la-ase-no-cuido-las-formas-al-emitir-nombramientos-de-auditores-especiales","status":"publish","type":"post","link":"https:\/\/www.interaccionnoticias.com.mx\/?p=40763","title":{"rendered":"Encargada de la ASE \u201cno cuid\u00f3 las formas\u201d al emitir nombramientos de auditores especiales"},"content":{"rendered":"\n<p><strong><em>&#8211; El presidente de la Comisi\u00f3n de Vigilancia, Jacinto Gonz\u00e1lez Varona sostiene que Natividad P\u00e9rez Guinto no debi\u00f3 nombrar auditores especiales \u201ctitulares\u201d, porque ella es encargada de despacho<br>&#8211; Actu\u00f3 de manera unilateral, sin informar al Congreso<br>&#8211; Se analizar\u00e1 si es necesario llamarla a comparecer, anticipa<\/em><\/strong><\/p>\n\n\n\n<p><strong>Rogelio Agust\u00edn<\/strong><\/p>\n\n\n\n<p>El presidente de la Comisi\u00f3n de Vigilancia de la Auditor\u00eda Superior del Estado (ASE), Jacinto Gonz\u00e1lez Varona sostuvo que la encargada de despacho del citado \u00f3rgano de fiscalizaci\u00f3n, Natividad P\u00e9rez Guinto s\u00ed tiene facultades para emitir el nombramiento de auditores especiales, aunque reconoci\u00f3 que \u201cno cuid\u00f3 las formas\u201d, actu\u00f3 de manera unilateral, sin informar al Congreso y no tom\u00f3 en cuenta al personal que ya trabaja en la instituci\u00f3n.<\/p>\n\n\n\n<p>Gonz\u00e1lez Varona, consider\u00f3 importante anotar que la situaci\u00f3n en la ASE, el \u00f3rgano encargado de la fiscalizaci\u00f3n de los recursos p\u00fablicos en la entidad es complicada, si se toma en cuenta que no tiene un titular desde junio de 2021 y que apenas el 16 de enero entr\u00f3 en vigor la renuncia del pen\u00faltimo encargado de despacho, Javier Gonz\u00e1lez Guerrero.<\/p>\n\n\n\n<p>La encargada de la ASE, Natividad P\u00e9rez al asumir el despacho se encontr\u00f3 un \u00f3rgano con varios espacios ac\u00e9falos, de tal manera que ella era la \u00fanica auditora que quedaba y por lo tanto, ten\u00eda que buscar personal con el que se acompa\u00f1ara para realizar el trabajo.<\/p>\n\n\n\n<p>\u201cLos nombramientos que emite s\u00ed est\u00e1n en el marco de sus atribuciones\u201d, dijo de primera instancia el integrante de la fracci\u00f3n parlamentaria de Morena.<\/p>\n\n\n\n<p>No obstante, se\u00f1al\u00f3 que s\u00ed hubo una falta precisi\u00f3n al momento de emitir el nombramiento de auditores especiales, pues debieron ser en calidad de encargados de despacho, como es el caso de quien en estos momentos est\u00e1 al frente de la ASE.<\/p>\n\n\n\n<p>\u201cEn todo caso, lo que pas\u00f3 es que no se cuidaron las formas\u201d, dijo Gonz\u00e1lez Varona.<\/p>\n\n\n\n<p>Indic\u00f3 que el transitorio 4, de la ley 468 as\u00ed lo establece, por lo que no se puede atribuir a la encargada de despacho de la ASE un acto que vulnere la normatividad vigente, aunque s\u00ed hubo una imprecisi\u00f3n.<\/p>\n\n\n\n<p>Cuando se\u00f1ala que no se cuidaron las formas, refiere tambi\u00e9n que la comunicaci\u00f3n entre la ASE y el Congreso local se genera a trav\u00e9s de la Comisi\u00f3n de Vigilancia que \u00e9l preside.<\/p>\n\n\n\n<p>En este caso, la encargada de despacho no inform\u00f3 a los diputados que integran la Comisi\u00f3n de Vigilancia que se realizar\u00edan los nombramientos.<\/p>\n\n\n\n<p>Por esa raz\u00f3n, aunque de manera inicial coment\u00f3 que los nombramientos s\u00ed estaban dentro del marco legal, destac\u00f3 que lo prudente es dialogarlo al seno de la comisi\u00f3n: \u201cpara ver si (los nombramientos) est\u00e1n en la legalidad\u201d.<\/p>\n\n\n\n<p>En caso de que sea necesario, refiri\u00f3 que Natividad P\u00e9rez Guinto podr\u00eda ser llamada a comparecer.<\/p>\n\n\n\n<p>Lo que se registr\u00f3 en el inicio de esta semana, de acuerdo con Gonz\u00e1lez Varona \u201cfueron decisiones personales, no notificadas a la comisi\u00f3n legislativa correspondiente\u201d.<\/p>\n\n\n\n<p><strong>Urge un titular en la ASE<\/strong><\/p>\n\n\n\n<p>Para el diputado Jacinto Gonz\u00e1lez, ya es urgente que la ASE cuente con un titular designado por el Pleno del Congreso local, lo que desde julio de 2021 no se ha logrado.<\/p>\n\n\n\n<p>Indic\u00f3 que se tiene un rezago importante con la revisi\u00f3n de la cuenta p\u00fablica de 2020, pero tambi\u00e9n con la de a\u00f1os como 2014; 2015 y 2016.<\/p>\n\n\n\n<p>\u201cUrge una reingenier\u00eda en la Auditor\u00eda Superior, por eso es que vamos a solicitar a la Junta de Coordinaci\u00f3n Pol\u00edtica (Jucopo) que cuanto antes se desahogue el proceso correspondiente, para que se elija una nueva terna de la lista de 24 aspirantes que se registraron en la convocatoria emitida por la Legislatura 62\u201d, se\u00f1al\u00f3.<\/p>\n\n\n\n<p>La propuesta, dijo que se plantear\u00e1 a pesar de que el presidente de la Jucopo, Alfredo S\u00e1nchez Esquivel hab\u00eda manifestado que se podr\u00eda lanzar una nueva convocatoria, para reponer completamente el procedimiento y permitir que surja un auditor completamente libre de cuestionamientos.<\/p>\n\n\n\n<p>\u201cLa verdad es que se nos est\u00e1 complicando y mucho la situaci\u00f3n\u201d, admite el diputado Gonz\u00e1lez Varona.<\/p>\n\n\n\n<p>Incluso, reconoci\u00f3 que ante la premura en que se encuentra, la encargada de despacho de la ASE design\u00f3 a personas ajenas a la ASE como auditores especiales, lo que resulta completamente irregular, pues se debi\u00f3 realizar un corrimiento de los mandos que ya se encuentran dentro de la instituci\u00f3n.<\/p>\n\n\n\n<p>\u201cLo cierto es que los directores generales que se encuentran en funciones, no quisieron asumir porque la situaci\u00f3n es incierta, pues en caso de que haya un nuevo titular designado por el Pleno y este propone otros auditores especiales, ellos quedar\u00edan completamente fuera, sin el trabajo que actualmente tienen\u201d, anot\u00f3.<\/p>\n\n\n\n<p>Respecto a la posibilidad de integrar una nueva terna, manifest\u00f3 que es algo que ya se dialoga con los integrantes de la Comisi\u00f3n de Vigilancia, por lo que existe la posibilidad de integrar un buen acuerdo.<\/p>\n\n\n\n<div class=\"wp-block-jetpack-slideshow aligncenter\" data-effect=\"slide\"><div class=\"wp-block-jetpack-slideshow_container swiper-container\"><ul class=\"wp-block-jetpack-slideshow_swiper-wrapper swiper-wrapper\"><li class=\"wp-block-jetpack-slideshow_slide swiper-slide\"><figure><img decoding=\"async\" src=\"data:image\/gif;base64,R0lGODlhAQABAIAAAAAAAP\/\/\/ywAAAAAAQABAAACAUwAOw==\" fifu-lazy=\"1\" fifu-data-sizes=\"auto\" fifu-data-srcset=\"https:\/\/i2.wp.com\/interaccionnoticias.com.mx\/wp-content\/uploads\/2022\/01\/220126-ASE-b-1024x683.jpg?ssl=1&w=75&resize=75&ssl=1 75w, https:\/\/i2.wp.com\/interaccionnoticias.com.mx\/wp-content\/uploads\/2022\/01\/220126-ASE-b-1024x683.jpg?ssl=1&w=100&resize=100&ssl=1 100w, https:\/\/i2.wp.com\/interaccionnoticias.com.mx\/wp-content\/uploads\/2022\/01\/220126-ASE-b-1024x683.jpg?ssl=1&w=150&resize=150&ssl=1 150w, https:\/\/i2.wp.com\/interaccionnoticias.com.mx\/wp-content\/uploads\/2022\/01\/220126-ASE-b-1024x683.jpg?ssl=1&w=240&resize=240&ssl=1 240w, https:\/\/i2.wp.com\/interaccionnoticias.com.mx\/wp-content\/uploads\/2022\/01\/220126-ASE-b-1024x683.jpg?ssl=1&w=320&resize=320&ssl=1 320w, https:\/\/i2.wp.com\/interaccionnoticias.com.mx\/wp-content\/uploads\/2022\/01\/220126-ASE-b-1024x683.jpg?ssl=1&w=500&resize=500&ssl=1 500w, https:\/\/i2.wp.com\/interaccionnoticias.com.mx\/wp-content\/uploads\/2022\/01\/220126-ASE-b-1024x683.jpg?ssl=1&w=640&resize=640&ssl=1 640w, https:\/\/i2.wp.com\/interaccionnoticias.com.mx\/wp-content\/uploads\/2022\/01\/220126-ASE-b-1024x683.jpg?ssl=1&w=800&resize=800&ssl=1 800w, https:\/\/i2.wp.com\/interaccionnoticias.com.mx\/wp-content\/uploads\/2022\/01\/220126-ASE-b-1024x683.jpg?ssl=1&w=1024&resize=1024&ssl=1 1024w, https:\/\/i2.wp.com\/interaccionnoticias.com.mx\/wp-content\/uploads\/2022\/01\/220126-ASE-b-1024x683.jpg?ssl=1&w=1280&resize=1280&ssl=1 1280w, https:\/\/i2.wp.com\/interaccionnoticias.com.mx\/wp-content\/uploads\/2022\/01\/220126-ASE-b-1024x683.jpg?ssl=1&w=1600&resize=1600&ssl=1 1600w\" alt=\"\" class=\"wp-block-jetpack-slideshow_image wp-image-40765\" data-id=\"40765\" fifu-data-src=\"https:\/\/i2.wp.com\/interaccionnoticias.com.mx\/wp-content\/uploads\/2022\/01\/220126-ASE-b-1024x683.jpg?ssl=1\"\/><\/figure><\/li><li class=\"wp-block-jetpack-slideshow_slide swiper-slide\"><figure><img decoding=\"async\" src=\"data:image\/gif;base64,R0lGODlhAQABAIAAAAAAAP\/\/\/ywAAAAAAQABAAACAUwAOw==\" fifu-lazy=\"1\" fifu-data-sizes=\"auto\" fifu-data-srcset=\"https:\/\/i1.wp.com\/interaccionnoticias.com.mx\/wp-content\/uploads\/2022\/01\/220126-ASE-a-1024x683.jpg?ssl=1&w=75&resize=75&ssl=1 75w, https:\/\/i1.wp.com\/interaccionnoticias.com.mx\/wp-content\/uploads\/2022\/01\/220126-ASE-a-1024x683.jpg?ssl=1&w=100&resize=100&ssl=1 100w, https:\/\/i1.wp.com\/interaccionnoticias.com.mx\/wp-content\/uploads\/2022\/01\/220126-ASE-a-1024x683.jpg?ssl=1&w=150&resize=150&ssl=1 150w, https:\/\/i1.wp.com\/interaccionnoticias.com.mx\/wp-content\/uploads\/2022\/01\/220126-ASE-a-1024x683.jpg?ssl=1&w=240&resize=240&ssl=1 240w, https:\/\/i1.wp.com\/interaccionnoticias.com.mx\/wp-content\/uploads\/2022\/01\/220126-ASE-a-1024x683.jpg?ssl=1&w=320&resize=320&ssl=1 320w, https:\/\/i1.wp.com\/interaccionnoticias.com.mx\/wp-content\/uploads\/2022\/01\/220126-ASE-a-1024x683.jpg?ssl=1&w=500&resize=500&ssl=1 500w, https:\/\/i1.wp.com\/interaccionnoticias.com.mx\/wp-content\/uploads\/2022\/01\/220126-ASE-a-1024x683.jpg?ssl=1&w=640&resize=640&ssl=1 640w, https:\/\/i1.wp.com\/interaccionnoticias.com.mx\/wp-content\/uploads\/2022\/01\/220126-ASE-a-1024x683.jpg?ssl=1&w=800&resize=800&ssl=1 800w, https:\/\/i1.wp.com\/interaccionnoticias.com.mx\/wp-content\/uploads\/2022\/01\/220126-ASE-a-1024x683.jpg?ssl=1&w=1024&resize=1024&ssl=1 1024w, https:\/\/i1.wp.com\/interaccionnoticias.com.mx\/wp-content\/uploads\/2022\/01\/220126-ASE-a-1024x683.jpg?ssl=1&w=1280&resize=1280&ssl=1 1280w, https:\/\/i1.wp.com\/interaccionnoticias.com.mx\/wp-content\/uploads\/2022\/01\/220126-ASE-a-1024x683.jpg?ssl=1&w=1600&resize=1600&ssl=1 1600w\" alt=\"\" class=\"wp-block-jetpack-slideshow_image wp-image-40764\" data-id=\"40764\" fifu-data-src=\"https:\/\/i1.wp.com\/interaccionnoticias.com.mx\/wp-content\/uploads\/2022\/01\/220126-ASE-a-1024x683.jpg?ssl=1\"\/><\/figure><\/li><li class=\"wp-block-jetpack-slideshow_slide swiper-slide\"><figure><img decoding=\"async\" src=\"data:image\/gif;base64,R0lGODlhAQABAIAAAAAAAP\/\/\/ywAAAAAAQABAAACAUwAOw==\" fifu-lazy=\"1\" fifu-data-sizes=\"auto\" fifu-data-srcset=\"https:\/\/i0.wp.com\/interaccionnoticias.com.mx\/wp-content\/uploads\/2022\/01\/220126-ASE-c-1024x683.jpg?ssl=1&w=75&resize=75&ssl=1 75w, https:\/\/i0.wp.com\/interaccionnoticias.com.mx\/wp-content\/uploads\/2022\/01\/220126-ASE-c-1024x683.jpg?ssl=1&w=100&resize=100&ssl=1 100w, https:\/\/i0.wp.com\/interaccionnoticias.com.mx\/wp-content\/uploads\/2022\/01\/220126-ASE-c-1024x683.jpg?ssl=1&w=150&resize=150&ssl=1 150w, https:\/\/i0.wp.com\/interaccionnoticias.com.mx\/wp-content\/uploads\/2022\/01\/220126-ASE-c-1024x683.jpg?ssl=1&w=240&resize=240&ssl=1 240w, https:\/\/i0.wp.com\/interaccionnoticias.com.mx\/wp-content\/uploads\/2022\/01\/220126-ASE-c-1024x683.jpg?ssl=1&w=320&resize=320&ssl=1 320w, https:\/\/i0.wp.com\/interaccionnoticias.com.mx\/wp-content\/uploads\/2022\/01\/220126-ASE-c-1024x683.jpg?ssl=1&w=500&resize=500&ssl=1 500w, https:\/\/i0.wp.com\/interaccionnoticias.com.mx\/wp-content\/uploads\/2022\/01\/220126-ASE-c-1024x683.jpg?ssl=1&w=640&resize=640&ssl=1 640w, https:\/\/i0.wp.com\/interaccionnoticias.com.mx\/wp-content\/uploads\/2022\/01\/220126-ASE-c-1024x683.jpg?ssl=1&w=800&resize=800&ssl=1 800w, https:\/\/i0.wp.com\/interaccionnoticias.com.mx\/wp-content\/uploads\/2022\/01\/220126-ASE-c-1024x683.jpg?ssl=1&w=1024&resize=1024&ssl=1 1024w, https:\/\/i0.wp.com\/interaccionnoticias.com.mx\/wp-content\/uploads\/2022\/01\/220126-ASE-c-1024x683.jpg?ssl=1&w=1280&resize=1280&ssl=1 1280w, https:\/\/i0.wp.com\/interaccionnoticias.com.mx\/wp-content\/uploads\/2022\/01\/220126-ASE-c-1024x683.jpg?ssl=1&w=1600&resize=1600&ssl=1 1600w\" alt=\"\" class=\"wp-block-jetpack-slideshow_image wp-image-40766\" data-id=\"40766\" fifu-data-src=\"https:\/\/i0.wp.com\/interaccionnoticias.com.mx\/wp-content\/uploads\/2022\/01\/220126-ASE-c-1024x683.jpg?ssl=1\"\/><\/figure><\/li><\/ul><a class=\"wp-block-jetpack-slideshow_button-prev swiper-button-prev swiper-button-white\" role=\"button\"><\/a><a class=\"wp-block-jetpack-slideshow_button-next swiper-button-next swiper-button-white\" role=\"button\"><\/a><a aria-label=\"Pause Slideshow\" class=\"wp-block-jetpack-slideshow_button-pause\" role=\"button\"><\/a><div class=\"wp-block-jetpack-slideshow_pagination swiper-pagination swiper-pagination-white\"><\/div><\/div><\/div>\n\n\n\n<p><\/p>\n","protected":false},"excerpt":{"rendered":"<p>&#8211; El presidente de la Comisi\u00f3n de Vigilancia, Jacinto Gonz\u00e1lez Varona sostiene que Natividad P\u00e9rez Guinto no debi\u00f3 nombrar auditores especiales \u201ctitulares\u201d, porque ella es encargada de despacho&#8211; Actu\u00f3 de&hellip; <\/p>\n","protected":false},"author":21,"featured_media":40764,"comment_status":"open","ping_status":"open","sticky":false,"template":"","format":"standard","meta":{"fifu_image_url":"","fifu_image_alt":"","footnotes":""},"categories":[2],"tags":[],"class_list":["post-40763","post","type-post","status-publish","format-standard","has-post-thumbnail","hentry","category-congreso"],"_links":{"self":[{"href":"https:\/\/www.interaccionnoticias.com.mx\/index.php?rest_route=\/wp\/v2\/posts\/40763","targetHints":{"allow":["GET"]}}],"collection":[{"href":"https:\/\/www.interaccionnoticias.com.mx\/index.php?rest_route=\/wp\/v2\/posts"}],"about":[{"href":"https:\/\/www.interaccionnoticias.com.mx\/index.php?rest_route=\/wp\/v2\/types\/post"}],"author":[{"embeddable":true,"href":"https:\/\/www.interaccionnoticias.com.mx\/index.php?rest_route=\/wp\/v2\/users\/21"}],"replies":[{"embeddable":true,"href":"https:\/\/www.interaccionnoticias.com.mx\/index.php?rest_route=%2Fwp%2Fv2%2Fcomments&post=40763"}],"version-history":[{"count":1,"href":"https:\/\/www.interaccionnoticias.com.mx\/index.php?rest_route=\/wp\/v2\/posts\/40763\/revisions"}],"predecessor-version":[{"id":40767,"href":"https:\/\/www.interaccionnoticias.com.mx\/index.php?rest_route=\/wp\/v2\/posts\/40763\/revisions\/40767"}],"wp:featuredmedia":[{"embeddable":true,"href":"https:\/\/www.interaccionnoticias.com.mx\/index.php?rest_route=\/wp\/v2\/media\/40764"}],"wp:attachment":[{"href":"https:\/\/www.interaccionnoticias.com.mx\/index.php?rest_route=%2Fwp%2Fv2%2Fmedia&parent=40763"}],"wp:term":[{"taxonomy":"category","embeddable":true,"href":"https:\/\/www.interaccionnoticias.com.mx\/index.php?rest_route=%2Fwp%2Fv2%2Fcategories&post=40763"},{"taxonomy":"post_tag","embeddable":true,"href":"https:\/\/www.interaccionnoticias.com.mx\/index.php?rest_route=%2Fwp%2Fv2%2Ftags&post=40763"}],"curies":[{"name":"wp","href":"https:\/\/api.w.org\/{rel}","templated":true}]}}