{"id":40694,"date":"2022-01-24T20:17:14","date_gmt":"2022-01-25T02:17:14","guid":{"rendered":"https:\/\/interaccionnoticias.com.mx\/?p=40694"},"modified":"2022-01-24T20:17:35","modified_gmt":"2022-01-25T02:17:35","slug":"condena-la-cdheg-feminicidio-de-una-joven-tras-ser-detenida-por-policias-de-jose-joaquin-de-herrera","status":"publish","type":"post","link":"https:\/\/www.interaccionnoticias.com.mx\/?p=40694","title":{"rendered":"Condena la CDHEG feminicidio de una joven tras ser detenida por polic\u00edas de Jos\u00e9 Joaqu\u00edn de Herrera"},"content":{"rendered":"\n<p><strong>Rosario Garc\u00eda Orozco<\/strong><\/p>\n\n\n\n<p><strong>Chilpancingo, Gro., 24 de enero del 2022.-<\/strong> La presidenta de la Comisi\u00f3n de Derechos Humanos del Estado de Guerrero (CDHEG), Cec\u00edlia Narciso Gayt\u00e1n conden\u00f3 el feminicidio contra una joven, luego de haber sido detenida por polic\u00edas municipales del Ayuntamiento de Jos\u00e9 Joaqu\u00edn de Herrera.<\/p>\n\n\n\n<p>La joven Delfina fue detenida por presuntos polic\u00edas municipales el 16 de enero y al siguiente d\u00eda fue encontrada sin vida, por lo que que sus familiares interpusieron una queja ante la Comisi\u00f3n Nacional de Derechos Humanos.<\/p>\n\n\n\n<p>Narciso Gayt\u00e1n dijo que es el primer feminicidio del que tiene conocimiento en esa instancia desde que inici\u00f3 el a\u00f1o, por lo que la instancia local le da seguimiento al caso, de panera paralela con la Comisi\u00f3n Nacional de Derechos Humanos.<\/p>\n\n\n\n<p>La presidenta de la CDHEG indic\u00f3 que no se puede dar a conocer ning\u00fan avance de la investigaci\u00f3n porque apenas se encuentran en la fase de solicitud de informes, mismos que se han pedido a las autoridades responsables, s\u00f3lo confirm\u00f3 que mantiene el expediente abierto y est\u00e1n dando seguimiento.<\/p>\n\n\n\n<p>Cabe se\u00f1alar que La Comisi\u00f3n Nacional de los Derechos Humanos (CNDH) exhort\u00f3 a las autoridades judiciales del estado de Guerrero a realizar una investigaci\u00f3n bajo el Protocolo de Investigaci\u00f3n Ministerial Policial y Pericial con Perspectiva de G\u00e9nero para el Delito del Feminicidio sobre el asesinato de la joven Delfina.<\/p>\n\n\n\n<p><\/p>\n","protected":false},"excerpt":{"rendered":"<p>Rosario Garc\u00eda Orozco Chilpancingo, Gro., 24 de enero del 2022.- La presidenta de la Comisi\u00f3n de Derechos Humanos del Estado de Guerrero (CDHEG), Cec\u00edlia Narciso Gayt\u00e1n conden\u00f3 el feminicidio contra&hellip; <\/p>\n","protected":false},"author":14,"featured_media":40695,"comment_status":"open","ping_status":"open","sticky":false,"template":"","format":"standard","meta":{"fifu_image_url":"","fifu_image_alt":"","footnotes":""},"categories":[29],"tags":[],"class_list":["post-40694","post","type-post","status-publish","format-standard","has-post-thumbnail","hentry","category-sociedad"],"_links":{"self":[{"href":"https:\/\/www.interaccionnoticias.com.mx\/index.php?rest_route=\/wp\/v2\/posts\/40694","targetHints":{"allow":["GET"]}}],"collection":[{"href":"https:\/\/www.interaccionnoticias.com.mx\/index.php?rest_route=\/wp\/v2\/posts"}],"about":[{"href":"https:\/\/www.interaccionnoticias.com.mx\/index.php?rest_route=\/wp\/v2\/types\/post"}],"author":[{"embeddable":true,"href":"https:\/\/www.interaccionnoticias.com.mx\/index.php?rest_route=\/wp\/v2\/users\/14"}],"replies":[{"embeddable":true,"href":"https:\/\/www.interaccionnoticias.com.mx\/index.php?rest_route=%2Fwp%2Fv2%2Fcomments&post=40694"}],"version-history":[{"count":1,"href":"https:\/\/www.interaccionnoticias.com.mx\/index.php?rest_route=\/wp\/v2\/posts\/40694\/revisions"}],"predecessor-version":[{"id":40696,"href":"https:\/\/www.interaccionnoticias.com.mx\/index.php?rest_route=\/wp\/v2\/posts\/40694\/revisions\/40696"}],"wp:featuredmedia":[{"embeddable":true,"href":"https:\/\/www.interaccionnoticias.com.mx\/index.php?rest_route=\/wp\/v2\/media\/40695"}],"wp:attachment":[{"href":"https:\/\/www.interaccionnoticias.com.mx\/index.php?rest_route=%2Fwp%2Fv2%2Fmedia&parent=40694"}],"wp:term":[{"taxonomy":"category","embeddable":true,"href":"https:\/\/www.interaccionnoticias.com.mx\/index.php?rest_route=%2Fwp%2Fv2%2Fcategories&post=40694"},{"taxonomy":"post_tag","embeddable":true,"href":"https:\/\/www.interaccionnoticias.com.mx\/index.php?rest_route=%2Fwp%2Fv2%2Ftags&post=40694"}],"curies":[{"name":"wp","href":"https:\/\/api.w.org\/{rel}","templated":true}]}}