{"id":40681,"date":"2022-01-24T18:28:04","date_gmt":"2022-01-25T00:28:04","guid":{"rendered":"https:\/\/interaccionnoticias.com.mx\/?p=40681"},"modified":"2022-01-24T18:28:09","modified_gmt":"2022-01-25T00:28:09","slug":"nombran-a-ludwid-marcial-reynoso-nunez-como-secretario-general-de-gobierno-en-guerrero","status":"publish","type":"post","link":"https:\/\/www.interaccionnoticias.com.mx\/?p=40681","title":{"rendered":"Nombran a Ludwid Marcial Reynoso N\u00fa\u00f1ez como Secretario General de Gobierno en Guerrero"},"content":{"rendered":"\n<p><strong><em>&#8211; Tras la incorporaci\u00f3n del Doctor Sa\u00fal L\u00f3pez Sollano al Senado de la Rep\u00fablica, quien suple a F\u00e9lix Salgado Macedonio<br>&#8211; Por el momento queda ac\u00e9fala la Subsecretar\u00eda de Asuntos Pol\u00edticos<\/em><\/strong><\/p>\n\n\n\n<p><strong>Rogelio Agust\u00edn<\/strong><\/p>\n\n\n\n<p>La gobernadora Evelyn Salgado Pineda design\u00f3 a Ludwid Marcial Reynoso N\u00fa\u00f1ez como titular de la Secretar\u00eda General de Gobierno, luego de que el Doctor Sa\u00fal L\u00f3pez Sollano fuera convocado al Senado de la Rep\u00fablica, para cubrir la vacante que se gener\u00f3 con la licencia de F\u00e9lix Salgado Macedonio.<\/p>\n\n\n\n<p>El 19 de enero, la Comisi\u00f3n Permanente del Senado de la Rep\u00fablica aprob\u00f3 la licencia presentada por el ingeniero F\u00e9lix Salgado Macedonio, quien anunci\u00f3 p\u00fablicamente que se retirar\u00eda del cargo para estar en libertad de realizar trabajo pol\u00edtico, en la ruta de respaldar al presidente Andr\u00e9s Manuel L\u00f3pez Obrador.<\/p>\n\n\n\n<p>La Mesa Directiva, que preside la senadora Olga S\u00e1nchez Cordero convoc\u00f3 al suplente de Salgado Macedonio, el doctor Sa\u00fal L\u00f3pez Sollano, quien estaba al frente de la Secretar\u00eda General de Gobierno.<\/p>\n\n\n\n<p>En su momento, la gobernadora Evelyn Salgado Pineda anticip\u00f3 que para cubrir dicha vacante se tomar\u00eda la mejor decisi\u00f3n, manifestando que no se descartaba la posibilidad de que en dicha posici\u00f3n fuera incorporada una mujer.<\/p>\n\n\n\n<p>Este lunes 24 de enero, la titular del Ejecutivo local tom\u00f3 la protesta de rigor a Ludwid Marcial Reynoso N\u00fa\u00f1ez, quien hasta la ma\u00f1ana del mismo d\u00eda se despeme\u00f1aba como subsecretario de Asuntos Pol\u00edticos.<\/p>\n\n\n\n<p>Reynoso N\u00fa\u00f1ez fue aspirante a la Fiscal\u00eda General del Estado (FGE) y estuvo considerado en la terna que la gobernadora envi\u00f3 al Congreso local para designar al titular, aunque ninguno alcanz\u00f3 la mayor\u00eda calificada y se tuvo que recurrir a una designaci\u00f3n directa, que al final recay\u00f3 en la Teniente Coronel Sandra Luz Valdovinos Salmer\u00f3n.<\/p>\n\n\n\n<p>Tambi\u00e9n se recuerda que fue secretario general del Ayuntamiento de Acapulco en el periodo en que F\u00e9lix Salgado fue alcalde.<\/p>\n\n\n\n<p>Hasta entrada la tarde del 23 de enero, se desconoc\u00eda quien ser\u00eda designado en la Subsecretar\u00eda de Asuntos Pol\u00edticos, que por el momento permanece ac\u00e9fala.<\/p>\n","protected":false},"excerpt":{"rendered":"<p>&#8211; Tras la incorporaci\u00f3n del Doctor Sa\u00fal L\u00f3pez Sollano al Senado de la Rep\u00fablica, quien suple a F\u00e9lix Salgado Macedonio&#8211; Por el momento queda ac\u00e9fala la Subsecretar\u00eda de Asuntos Pol\u00edticos&hellip; <\/p>\n","protected":false},"author":21,"featured_media":40679,"comment_status":"open","ping_status":"open","sticky":false,"template":"","format":"standard","meta":{"fifu_image_url":"","fifu_image_alt":"","footnotes":""},"categories":[11],"tags":[],"class_list":["post-40681","post","type-post","status-publish","format-standard","has-post-thumbnail","hentry","category-guerrero"],"_links":{"self":[{"href":"https:\/\/www.interaccionnoticias.com.mx\/index.php?rest_route=\/wp\/v2\/posts\/40681","targetHints":{"allow":["GET"]}}],"collection":[{"href":"https:\/\/www.interaccionnoticias.com.mx\/index.php?rest_route=\/wp\/v2\/posts"}],"about":[{"href":"https:\/\/www.interaccionnoticias.com.mx\/index.php?rest_route=\/wp\/v2\/types\/post"}],"author":[{"embeddable":true,"href":"https:\/\/www.interaccionnoticias.com.mx\/index.php?rest_route=\/wp\/v2\/users\/21"}],"replies":[{"embeddable":true,"href":"https:\/\/www.interaccionnoticias.com.mx\/index.php?rest_route=%2Fwp%2Fv2%2Fcomments&post=40681"}],"version-history":[{"count":1,"href":"https:\/\/www.interaccionnoticias.com.mx\/index.php?rest_route=\/wp\/v2\/posts\/40681\/revisions"}],"predecessor-version":[{"id":40682,"href":"https:\/\/www.interaccionnoticias.com.mx\/index.php?rest_route=\/wp\/v2\/posts\/40681\/revisions\/40682"}],"wp:featuredmedia":[{"embeddable":true,"href":"https:\/\/www.interaccionnoticias.com.mx\/index.php?rest_route=\/wp\/v2\/media\/40679"}],"wp:attachment":[{"href":"https:\/\/www.interaccionnoticias.com.mx\/index.php?rest_route=%2Fwp%2Fv2%2Fmedia&parent=40681"}],"wp:term":[{"taxonomy":"category","embeddable":true,"href":"https:\/\/www.interaccionnoticias.com.mx\/index.php?rest_route=%2Fwp%2Fv2%2Fcategories&post=40681"},{"taxonomy":"post_tag","embeddable":true,"href":"https:\/\/www.interaccionnoticias.com.mx\/index.php?rest_route=%2Fwp%2Fv2%2Ftags&post=40681"}],"curies":[{"name":"wp","href":"https:\/\/api.w.org\/{rel}","templated":true}]}}