{"id":40668,"date":"2022-01-24T17:18:03","date_gmt":"2022-01-24T23:18:03","guid":{"rendered":"https:\/\/interaccionnoticias.com.mx\/?p=40668"},"modified":"2022-01-24T17:18:07","modified_gmt":"2022-01-24T23:18:07","slug":"exigen-destitucion-de-director-de-transportes","status":"publish","type":"post","link":"https:\/\/www.interaccionnoticias.com.mx\/?p=40668","title":{"rendered":"Exigen destituci\u00f3n de director de transportes"},"content":{"rendered":"\n<p><strong><em>&#8211; Acusan que estar\u00eda implicado en hechos de violencia<br>&#8211; Tambi\u00e9n acusan que el delegado<\/em><\/strong><\/p>\n\n\n\n<p><strong>Javier Trujillo<\/strong><\/p>\n\n\n\n<p><strong>Acapulco, Gro. \u2013<\/strong> Transportistas de las siete regiones de Guerrero, denunciaron amenazas del director de transportes en el estado Arturo Salinas Sandoval, contra l\u00edderes del servicio p\u00fablico.<\/p>\n\n\n\n<p>Los transportistas, en conferencia de prensa Jos\u00e9 Juan Garc\u00eda Torres, ley\u00f3 un escrito en el que acusan que choferes del transporte p\u00fablico han sido v\u00edctimas de asesinatos, levantones, y hasta amenazados.<\/p>\n\n\n\n<p>\u201cHacemos responsable a Arturo Salinas Sandoval, director general de Comisi\u00f3n T\u00e9cnica de Transportes y vialidad, y al delegado de transportes de la zona conurbada de Acapulco, Juan Miguel Castillo, ya que se han recibido amenazas tanto a los dirigentes como a los transportistas.<\/p>\n\n\n\n<p>\u201cTales como levantarlos, quitarles la vida a los choferes, quemar las Urvan o unidades del servicio p\u00fablico, sobre todo en las zonas de Ciudad Renacimiento, Emiliano Zapata, San Agust\u00edn, por portar leyendas contra el director\u201d, dijo Garc\u00eda Torres, quien dio lectura al documento.<\/p>\n\n\n\n<p>En cinco puntos, acusan que el director ha hecho caso omiso de las peticiones que se le han hecho por parte de las siete regiones de los l\u00edderes.<\/p>\n\n\n\n<p>Amagan con manifestarse en las siete regiones del estado, como Acapulco, Chilpancingo, Monta\u00f1a, Costa Grande, Costa Chica, Zona Norte, Zona Centro y en la zona serrana del estado.<\/p>\n\n\n\n<p>Demandan la destituci\u00f3n del director de concesiones Ildiberto, sigue trabajando en la direcci\u00f3n de transporte, y sus concesiones est\u00e1n detenidas, se niega a autorizar n\u00fameros temporales y no quiere renovar los permisos temporales, reproch\u00f3 el l\u00edder del transporte, Fernando Ure\u00f1a Silvestre.<\/p>\n\n\n\n<p>El l\u00edder de transportistas, admiti\u00f3 que no tienen pruebas que el funcionario del gobierno del estado est\u00e9 implicado en la privaci\u00f3n ilegal de la libertad de Teodoro Marino, como ocurri\u00f3 el fin de semana.<\/p>\n\n\n\n<p>Aunque los transportistas no piden concesiones, si demandan que se regularicen m\u00e1s de mil concesiones, por lo que est\u00e1n pidiendo un dialogo con la gobernadora del estado, Evelyn Salgado Pineda.<\/p>\n","protected":false},"excerpt":{"rendered":"<p>&#8211; Acusan que estar\u00eda implicado en hechos de violencia&#8211; Tambi\u00e9n acusan que el delegado Javier Trujillo Acapulco, Gro. \u2013 Transportistas de las siete regiones de Guerrero, denunciaron amenazas del director&hellip; <\/p>\n","protected":false},"author":3,"featured_media":40669,"comment_status":"open","ping_status":"open","sticky":false,"template":"","format":"standard","meta":{"fifu_image_url":"","fifu_image_alt":"","footnotes":""},"categories":[29],"tags":[],"class_list":["post-40668","post","type-post","status-publish","format-standard","has-post-thumbnail","hentry","category-sociedad"],"_links":{"self":[{"href":"https:\/\/www.interaccionnoticias.com.mx\/index.php?rest_route=\/wp\/v2\/posts\/40668","targetHints":{"allow":["GET"]}}],"collection":[{"href":"https:\/\/www.interaccionnoticias.com.mx\/index.php?rest_route=\/wp\/v2\/posts"}],"about":[{"href":"https:\/\/www.interaccionnoticias.com.mx\/index.php?rest_route=\/wp\/v2\/types\/post"}],"author":[{"embeddable":true,"href":"https:\/\/www.interaccionnoticias.com.mx\/index.php?rest_route=\/wp\/v2\/users\/3"}],"replies":[{"embeddable":true,"href":"https:\/\/www.interaccionnoticias.com.mx\/index.php?rest_route=%2Fwp%2Fv2%2Fcomments&post=40668"}],"version-history":[{"count":1,"href":"https:\/\/www.interaccionnoticias.com.mx\/index.php?rest_route=\/wp\/v2\/posts\/40668\/revisions"}],"predecessor-version":[{"id":40670,"href":"https:\/\/www.interaccionnoticias.com.mx\/index.php?rest_route=\/wp\/v2\/posts\/40668\/revisions\/40670"}],"wp:featuredmedia":[{"embeddable":true,"href":"https:\/\/www.interaccionnoticias.com.mx\/index.php?rest_route=\/wp\/v2\/media\/40669"}],"wp:attachment":[{"href":"https:\/\/www.interaccionnoticias.com.mx\/index.php?rest_route=%2Fwp%2Fv2%2Fmedia&parent=40668"}],"wp:term":[{"taxonomy":"category","embeddable":true,"href":"https:\/\/www.interaccionnoticias.com.mx\/index.php?rest_route=%2Fwp%2Fv2%2Fcategories&post=40668"},{"taxonomy":"post_tag","embeddable":true,"href":"https:\/\/www.interaccionnoticias.com.mx\/index.php?rest_route=%2Fwp%2Fv2%2Ftags&post=40668"}],"curies":[{"name":"wp","href":"https:\/\/api.w.org\/{rel}","templated":true}]}}