{"id":40647,"date":"2022-01-23T18:53:05","date_gmt":"2022-01-24T00:53:05","guid":{"rendered":"https:\/\/interaccionnoticias.com.mx\/?p=40647"},"modified":"2022-01-23T18:53:10","modified_gmt":"2022-01-24T00:53:10","slug":"mario-moreno-pedira-al-cde-del-pri-que-clarifique-el-listado-de-consejeros-politicos","status":"publish","type":"post","link":"https:\/\/www.interaccionnoticias.com.mx\/?p=40647","title":{"rendered":"Mario Moreno pedir\u00e1 al CDE del PRI que clarifique el listado de Consejeros Pol\u00edticos"},"content":{"rendered":"\n<p><strong><em>&#8211; Para tener claridad sobre el perfil de sus integrantes<\/em><\/strong><\/p>\n\n\n\n<p><strong>Rosario Garc\u00eda Orozco<\/strong><\/p>\n\n\n\n<p><strong>Chilpancingo, Gro., 22 de enero del 2022.-<\/strong> El ex candidato a gobernador, Mario Moreno Arcos anticip\u00f3 que solicitar\u00e1 al Comit\u00e9 Directivo Estatal (CDE) del PRI que se revice la lista de integrantes de su Consejo Pol\u00edtico, para conocer sus perfiles y decidir si participar\u00e1 en la convocatoria para la renovaci\u00f3n de la dirigencia estatal.<\/p>\n\n\n\n<p>El s\u00e1bado 22 de enero, la Comisi\u00f3n Pol\u00edtica Permanente del PRI Guerrero aprobaron que ser\u00e1 por medio de la Asamblea de Consejeras y Consejeros, como se llevar\u00e1 a cabo la renovaci\u00f3n de la dirigencia estatal.<\/p>\n\n\n\n<p>Al respecto, el ex candidato a gobernador y aspirante a la dirigencia del PRI, Mario Moreno Arcos anunci\u00f3 que solicitar\u00e1 al Comit\u00e9 Directivo Estatal el listado de los integrantes del Consejo Pol\u00edtico, para tener claro cual es su panorama.<\/p>\n\n\n\n<p>\u00abVoy a revisarlo para saber cu\u00e1l es el perfil de los consejeros, y en base a ello tendr\u00e9 que tomar una decisi\u00f3n previo a un an\u00e1lisis de quienes son los integrantes\u00bb, destac\u00f3.<\/p>\n\n\n\n<p>Agreg\u00f3 que durante la sesi\u00f3n de la Comisi\u00f3n Pol\u00edtica del PRI, que se desarroll\u00f3 v\u00eda zoom, \u00e9l intervino para recomendar a los dirigentes partidistas que se considere la participaci\u00f3n m\u00e1s amplia de las bases, pero mencion\u00f3 que la \u00fanica propuesta que llev\u00f3 el CDE fue la de Asamblea de Consejeros y Consejeras, misma que fue avalada.<\/p>\n\n\n\n<p>\u00abPed\u00ed que se considerara buscar una participaci\u00f3n m\u00e1s activa de la militancia, porque si no volteamos a ver a la militancia definitivamente el partido no va a avanzar\u00bb, consider\u00f3 el dos veces presidente municipal de Chilpancingo.<\/p>\n\n\n\n<p>Moreno Arcos pidi\u00f3 a la militancia priista mantenerse unidos, en este y el resto de los procesos electorales, \u00abhe escuchado voces en pro y en contra de la apertura del PRI, pero creo que debemos buscar la unidad. Yo seguir\u00e9 pugnando por ello y conf\u00edo en que se logre para seguir consolidando el proyecto del PRI en Guerrero\u00bb.<\/p>\n","protected":false},"excerpt":{"rendered":"<p>&#8211; Para tener claridad sobre el perfil de sus integrantes Rosario Garc\u00eda Orozco Chilpancingo, Gro., 22 de enero del 2022.- El ex candidato a gobernador, Mario Moreno Arcos anticip\u00f3 que&hellip; <\/p>\n","protected":false},"author":14,"featured_media":40643,"comment_status":"open","ping_status":"open","sticky":false,"template":"","format":"standard","meta":{"fifu_image_url":"","fifu_image_alt":"","footnotes":""},"categories":[18],"tags":[],"class_list":["post-40647","post","type-post","status-publish","format-standard","has-post-thumbnail","hentry","category-partidos-politicos"],"_links":{"self":[{"href":"https:\/\/www.interaccionnoticias.com.mx\/index.php?rest_route=\/wp\/v2\/posts\/40647","targetHints":{"allow":["GET"]}}],"collection":[{"href":"https:\/\/www.interaccionnoticias.com.mx\/index.php?rest_route=\/wp\/v2\/posts"}],"about":[{"href":"https:\/\/www.interaccionnoticias.com.mx\/index.php?rest_route=\/wp\/v2\/types\/post"}],"author":[{"embeddable":true,"href":"https:\/\/www.interaccionnoticias.com.mx\/index.php?rest_route=\/wp\/v2\/users\/14"}],"replies":[{"embeddable":true,"href":"https:\/\/www.interaccionnoticias.com.mx\/index.php?rest_route=%2Fwp%2Fv2%2Fcomments&post=40647"}],"version-history":[{"count":1,"href":"https:\/\/www.interaccionnoticias.com.mx\/index.php?rest_route=\/wp\/v2\/posts\/40647\/revisions"}],"predecessor-version":[{"id":40648,"href":"https:\/\/www.interaccionnoticias.com.mx\/index.php?rest_route=\/wp\/v2\/posts\/40647\/revisions\/40648"}],"wp:featuredmedia":[{"embeddable":true,"href":"https:\/\/www.interaccionnoticias.com.mx\/index.php?rest_route=\/wp\/v2\/media\/40643"}],"wp:attachment":[{"href":"https:\/\/www.interaccionnoticias.com.mx\/index.php?rest_route=%2Fwp%2Fv2%2Fmedia&parent=40647"}],"wp:term":[{"taxonomy":"category","embeddable":true,"href":"https:\/\/www.interaccionnoticias.com.mx\/index.php?rest_route=%2Fwp%2Fv2%2Fcategories&post=40647"},{"taxonomy":"post_tag","embeddable":true,"href":"https:\/\/www.interaccionnoticias.com.mx\/index.php?rest_route=%2Fwp%2Fv2%2Ftags&post=40647"}],"curies":[{"name":"wp","href":"https:\/\/api.w.org\/{rel}","templated":true}]}}