{"id":40638,"date":"2022-01-23T17:22:39","date_gmt":"2022-01-23T23:22:39","guid":{"rendered":"https:\/\/interaccionnoticias.com.mx\/?p=40638"},"modified":"2022-01-23T17:22:44","modified_gmt":"2022-01-23T23:22:44","slug":"frente-de-directores-no-participara-en-la-convocatoria-emitida-por-la-seg","status":"publish","type":"post","link":"https:\/\/www.interaccionnoticias.com.mx\/?p=40638","title":{"rendered":"Frente de Directores no participar\u00e1 en la convocatoria emitida por la SEG"},"content":{"rendered":"\n<p><strong><em>&#8211; No cumple con sus expectativas y vulnera sus derechos, aseguran<\/em><\/strong><\/p>\n\n\n\n<p><strong>Dassaev T\u00e9llez<\/strong><\/p>\n\n\n\n<p>Herlinda Herrera G\u00e1lvez, en representaci\u00f3n de los integrantes del Frente de Directores Encargados del Estado de Guerrero (FDEEG), explic\u00f3 que desde el 18 de noviembre pasado, acudieron a la ciudad de M\u00e9xico y realizaron un plant\u00f3n en Palacio Nacional para exigir al gobierno federal le den soluci\u00f3n a sus demandas, \u00aby el secretario de Educaci\u00f3n en Guerrero, Marcial Rodr\u00edguez Salda\u00f1a, se comprometi\u00f3 a atenderlos en Chilpancingo y que les iba a resolver la problem\u00e1tica que tienen los administrativos.<\/p>\n\n\n\n<p>Dichas demandas consisten en el reconocimiento de las funciones como directivos, supervisores y jefes de sector y la recategorizacion de trabajadores con claves bajas, as\u00ed como la entrega de nombramientos de los administrativos que siguen percibiendo salarios de maestros pero sus funciones son de m\u00e1s responsabilidad, si ser reconocidas.<\/p>\n\n\n\n<p>La directiva asegur\u00f3 que el 28 de noviembre se ver\u00edan con el secretario de Educaci\u00f3n Guerrero se comprometi\u00f3 a resolver las demandas que le presentaron \u00abempe\u00f1o su palabra para resolver nuestras demandas sin tanto tr\u00e1mite burocr\u00e1tico\u00bb.<\/p>\n\n\n\n<p>A pesar de dicho compromiso de Marcia Rodr\u00edguez Salda\u00f1a, hasta la fecha no se ha dado respuesta a las demandas laborales de los administrativos, se quejaron los inconformes, \u00bb se empez\u00f3 a mostrar indiferente ante nuestra problem\u00e1tica y tuvimos que instalarnos en plant\u00f3n en Palacio de gobierno y solo as\u00ed accedi\u00f3 a atendernos en sus oficinas\u00bb.<\/p>\n\n\n\n<p>En ese encuentro, dijeron los manifestantes se comprometi\u00f3 a no publicar la convocatoria para la promoci\u00f3n vertical hasta que se resolviera la problem\u00e1tica para los directivos y se revisar\u00e1 la normativa de ese programa\u00bb.<\/p>\n\n\n\n<p>Insistieron en rechazar la convocatoria que el s\u00e1bado pasado emiti\u00f3 la convocatoria para la promoci\u00f3n porque hab\u00eda un acuerdo y no lo cumplieron las autoridades.<\/p>\n\n\n\n<p>\u00abY as\u00ed sin avisar, la publicaron, se tom\u00f3 la libertad sin miramientos, por eso nos manifestamos en contra porque esta violando el acuerdo\u00bb, sostuvieron y mencionaron que hay maestros que llevan entre 5 y 28 a\u00f1os como encargados de la direcci\u00f3n de sus escuelas y no les quieren hacer v\u00e1lida su experiencia y permanencia.<\/p>\n\n\n\n<p>Agregaron que en la convocatoria han detectado varios puntos en los que afecta a los maestros en funci\u00f3n de directivos.<\/p>\n\n\n\n<p>Por esa raz\u00f3n, adelantaron que no van a participar en la convocatoria, \u00abporque como lo hemos dicho en diversas ocasiones, nosotros no estamos buscando cargos, nosotros estamos exigiendo que se nos respete porque ya estamos haciendo ese trabajo administrativo desde hace muchos a\u00f1os y rechazamos rotundamente la evaluaci\u00f3n para la promoci\u00f3n vertical\u00bb.<\/p>\n\n\n\n<p>Otro de los inconformes, Arnulfo Nolasco Narciso, pidi\u00f3 al resto de sus compa\u00f1eros mantenerse unidos en el movimiento, porque es una situaci\u00f3n en la que est\u00e1n siendo afectados 3 mil 600 trabajadores del sector educativo, quienes durante muchos a\u00f1os \u00abhemos sido discriminados y hoy \u00e1lamos la voz y les decimos a las autoridades educativas que no nos vamos a retirar de aqu\u00ed hasta que nos resuelvan esta situaci\u00f3n, nosotros ya hemos sido evaluados en nuestras normales, en nuestras licenciaturas y nosotros no iniciamos con el plan 97, sino con el 93, por lo tanto nos deben reconocer nuestro trabajo\u00bb.<\/p>\n\n\n\n<p>Record\u00f3 que este lunes se llevar\u00e1 a cabo una reuni\u00f3n con la gobernadora Evelyn Salgado Pineda y conf\u00edo en que habr\u00e1 respuestas positivas.<\/p>\n","protected":false},"excerpt":{"rendered":"<p>&#8211; No cumple con sus expectativas y vulnera sus derechos, aseguran Dassaev T\u00e9llez Herlinda Herrera G\u00e1lvez, en representaci\u00f3n de los integrantes del Frente de Directores Encargados del Estado de Guerrero&hellip; <\/p>\n","protected":false},"author":9,"featured_media":40627,"comment_status":"open","ping_status":"open","sticky":false,"template":"","format":"standard","meta":{"fifu_image_url":"","fifu_image_alt":"","footnotes":""},"categories":[6],"tags":[],"class_list":["post-40638","post","type-post","status-publish","format-standard","has-post-thumbnail","hentry","category-educacion"],"_links":{"self":[{"href":"https:\/\/www.interaccionnoticias.com.mx\/index.php?rest_route=\/wp\/v2\/posts\/40638","targetHints":{"allow":["GET"]}}],"collection":[{"href":"https:\/\/www.interaccionnoticias.com.mx\/index.php?rest_route=\/wp\/v2\/posts"}],"about":[{"href":"https:\/\/www.interaccionnoticias.com.mx\/index.php?rest_route=\/wp\/v2\/types\/post"}],"author":[{"embeddable":true,"href":"https:\/\/www.interaccionnoticias.com.mx\/index.php?rest_route=\/wp\/v2\/users\/9"}],"replies":[{"embeddable":true,"href":"https:\/\/www.interaccionnoticias.com.mx\/index.php?rest_route=%2Fwp%2Fv2%2Fcomments&post=40638"}],"version-history":[{"count":1,"href":"https:\/\/www.interaccionnoticias.com.mx\/index.php?rest_route=\/wp\/v2\/posts\/40638\/revisions"}],"predecessor-version":[{"id":40639,"href":"https:\/\/www.interaccionnoticias.com.mx\/index.php?rest_route=\/wp\/v2\/posts\/40638\/revisions\/40639"}],"wp:featuredmedia":[{"embeddable":true,"href":"https:\/\/www.interaccionnoticias.com.mx\/index.php?rest_route=\/wp\/v2\/media\/40627"}],"wp:attachment":[{"href":"https:\/\/www.interaccionnoticias.com.mx\/index.php?rest_route=%2Fwp%2Fv2%2Fmedia&parent=40638"}],"wp:term":[{"taxonomy":"category","embeddable":true,"href":"https:\/\/www.interaccionnoticias.com.mx\/index.php?rest_route=%2Fwp%2Fv2%2Fcategories&post=40638"},{"taxonomy":"post_tag","embeddable":true,"href":"https:\/\/www.interaccionnoticias.com.mx\/index.php?rest_route=%2Fwp%2Fv2%2Ftags&post=40638"}],"curies":[{"name":"wp","href":"https:\/\/api.w.org\/{rel}","templated":true}]}}