{"id":40615,"date":"2022-01-22T17:23:41","date_gmt":"2022-01-22T23:23:41","guid":{"rendered":"https:\/\/interaccionnoticias.com.mx\/?p=40615"},"modified":"2022-01-22T17:23:42","modified_gmt":"2022-01-22T23:23:42","slug":"acuerda-pri-guerrero-procedimiento-para-elegir-a-su-nuevo-dirigente-estatal","status":"publish","type":"post","link":"https:\/\/www.interaccionnoticias.com.mx\/?p=40615","title":{"rendered":"Acuerda PRI-Guerrero procedimiento para elegir a su nuevo dirigente estatal"},"content":{"rendered":"\n<p><strong><em>&#8211; Ser\u00e1 por Consejo de Delegados, as\u00ed como se defini\u00f3 al candidato a gobernador en 2021<\/em><\/strong><\/p>\n\n\n\n<p><strong>Rogelio Agust\u00edn<\/strong><\/p>\n\n\n\n<p>El Consejo Pol\u00edtico Estatal (CPE) del Partido Revolucionario Institucional (PRI) acord\u00f3 elegir por la v\u00eda del Consejo de delegados a a su pr\u00f3ximo dirigente estatal, por lo que en breve se emitir\u00e1 la convocatoria correspondiente.<\/p>\n\n\n\n<p>La jornada del s\u00e1bado 22 de enero, el CPE del PRI sesion\u00f3 de manera virtual, luego de que la dirigencia que encabeza H\u00e9ctor Apreza Patr\u00f3n hiciera la convocatoria correspondiente.<\/p>\n\n\n\n<p>La sesi\u00f3n se instal\u00f3 despu\u00e9s de que se confirm\u00f3 la declaratoria de qu\u00f3rum correspondiente.<\/p>\n\n\n\n<p>El \u00fanico punto a tratar fue lo relacionado con la aprobaci\u00f3n del procedimiento encaminado a elegir al pr\u00f3ximo presidente y secretario general del Comit\u00e9 Directivo Estatal (CDE) del partido en Guerrero.<\/p>\n\n\n\n<p>La propuesta que gener\u00f3 consenso, fue la de que el procedimiento se realizara por medio de una convenci\u00f3n de delegados.<\/p>\n\n\n\n<p>Durante la sesi\u00f3n solicit\u00f3 la palabra el dos veces alcalde de Chilpancingo, Mario Moreno Arcos, quien record\u00f3 que dicho procedimiento se utiliz\u00f3 para designarlo como candidato a la gubernatura, apenas el a\u00f1o pasado.<\/p>\n\n\n\n<p>En breve, se espera que el Comit\u00e9 Ejecutivo Nacional (CEN) emita la convocatoria correspondiente.<\/p>\n","protected":false},"excerpt":{"rendered":"<p>&#8211; Ser\u00e1 por Consejo de Delegados, as\u00ed como se defini\u00f3 al candidato a gobernador en 2021 Rogelio Agust\u00edn El Consejo Pol\u00edtico Estatal (CPE) del Partido Revolucionario Institucional (PRI) acord\u00f3 elegir&hellip; <\/p>\n","protected":false},"author":21,"featured_media":40616,"comment_status":"open","ping_status":"open","sticky":false,"template":"","format":"standard","meta":{"fifu_image_url":"","fifu_image_alt":"","footnotes":""},"categories":[18],"tags":[],"class_list":["post-40615","post","type-post","status-publish","format-standard","has-post-thumbnail","hentry","category-partidos-politicos"],"_links":{"self":[{"href":"https:\/\/www.interaccionnoticias.com.mx\/index.php?rest_route=\/wp\/v2\/posts\/40615","targetHints":{"allow":["GET"]}}],"collection":[{"href":"https:\/\/www.interaccionnoticias.com.mx\/index.php?rest_route=\/wp\/v2\/posts"}],"about":[{"href":"https:\/\/www.interaccionnoticias.com.mx\/index.php?rest_route=\/wp\/v2\/types\/post"}],"author":[{"embeddable":true,"href":"https:\/\/www.interaccionnoticias.com.mx\/index.php?rest_route=\/wp\/v2\/users\/21"}],"replies":[{"embeddable":true,"href":"https:\/\/www.interaccionnoticias.com.mx\/index.php?rest_route=%2Fwp%2Fv2%2Fcomments&post=40615"}],"version-history":[{"count":1,"href":"https:\/\/www.interaccionnoticias.com.mx\/index.php?rest_route=\/wp\/v2\/posts\/40615\/revisions"}],"predecessor-version":[{"id":40617,"href":"https:\/\/www.interaccionnoticias.com.mx\/index.php?rest_route=\/wp\/v2\/posts\/40615\/revisions\/40617"}],"wp:featuredmedia":[{"embeddable":true,"href":"https:\/\/www.interaccionnoticias.com.mx\/index.php?rest_route=\/wp\/v2\/media\/40616"}],"wp:attachment":[{"href":"https:\/\/www.interaccionnoticias.com.mx\/index.php?rest_route=%2Fwp%2Fv2%2Fmedia&parent=40615"}],"wp:term":[{"taxonomy":"category","embeddable":true,"href":"https:\/\/www.interaccionnoticias.com.mx\/index.php?rest_route=%2Fwp%2Fv2%2Fcategories&post=40615"},{"taxonomy":"post_tag","embeddable":true,"href":"https:\/\/www.interaccionnoticias.com.mx\/index.php?rest_route=%2Fwp%2Fv2%2Ftags&post=40615"}],"curies":[{"name":"wp","href":"https:\/\/api.w.org\/{rel}","templated":true}]}}