{"id":40565,"date":"2022-01-20T21:37:17","date_gmt":"2022-01-21T03:37:17","guid":{"rendered":"https:\/\/interaccionnoticias.com.mx\/?p=40565"},"modified":"2022-01-20T21:37:27","modified_gmt":"2022-01-21T03:37:27","slug":"union-de-voceadores-cumple-33-anos","status":"publish","type":"post","link":"https:\/\/www.interaccionnoticias.com.mx\/?p=40565","title":{"rendered":"Uni\u00f3n de Voceadores cumple 33 a\u00f1os"},"content":{"rendered":"\n<p><strong><em>&#8211; Realizan asamblea nacional en Chilpancingo<\/em><\/strong><\/p>\n\n\n\n<p><strong>Dassaev T\u00e9llez Adame<\/strong><\/p>\n\n\n\n<p><strong>Chilpancingo, 20 de enero.-<\/strong> Voceadores de Chilpancingo conmemoraron 33 a\u00f1os de la fundaci\u00f3n de su organizaci\u00f3n y realizaron la edici\u00f3n n\u00famero 63 de la Asamblea Nacional de Voceadores, donde participaron representantes de 18 de 36 delegaciones del pa\u00eds.<\/p>\n\n\n\n<p>El Secretario general de la Asociaci\u00f3n Nacional de Uniones de Voceadores de Peri\u00f3dicos, Libros y Revistas de la Rep\u00fablica Mexicana (ANUVPLRRM), H\u00e9ctor Molina Cepeda, dijo que esta asamblea nacional es una de las dos que se realizan al a\u00f1o y tiene como finalidad escuchar y atender las necesidades de los voceadores.<\/p>\n\n\n\n<p>\u201cEn particular me agrado Chilpancingo, porque ya nos hab\u00edan manifestado sus inquietudes, respecto a que quer\u00edan que las autoridades los tomar\u00e1n m\u00e1s en cuenta y vimos que la respuesta fue positiva por parte de las autoridades, tanto estatales como municipales, quienes tomaron a bien sus peticiones y se comprometieron a atenderlos\u201d, declaro.<\/p>\n\n\n\n<p>Indico que, a nivel nacional, la pandemia los trae \u201ccortos, muy cortos\u201d en cuesti\u00f3n de la venta de los peri\u00f3dicos y las revistas, llegando a bajar sus ventas hasta en un 60 por ciento; por lo que su prioridad es buscar los enlaces necesarios en todos los estados y municipios para que puedan vender todo tipo de publicaciones.<\/p>\n\n\n\n<p>Lamento que Chilpancingo sea uno de los 6 municipios en todo el pa\u00eds que no cuenta con puestos de revistas en la v\u00eda publica, cosa que las autoridades se comprometieron a instalar algunos m\u00f3dulos para los voceadores, principalmente los que ya no pueden moverse con tanta facilidad y los adultos mayores.<\/p>\n\n\n\n<p>Adelanto que buscar\u00e1n presentar un escrito al gobierno federal para pedir apoyos de programas sociales para este sector laboral en todo el pa\u00eds, ya que existen por lo menos 19 mil puestos de revistas en el pa\u00eds, de los cuales al menos 2 mil 500 han tenido que cerrar por la pandemia y las familias quedan en total vulnerabilidad.<\/p>\n\n\n\n<p>Dijo que, en el pa\u00eds, se tiene el registro de que por lo menos 10 peri\u00f3dicos que han cerrado definitivamente, otros 5 ya no circulan los d\u00edas domingos, otros que ya descansan todos los d\u00edas festivos, cuando antes no lo hac\u00edan, y esto merma las ventas de los voceadores, estos \u201cde cadenas importantes, de cadenas que tienen sustento econ\u00f3mico fuerte, pero que por la situaci\u00f3n de ventas han desaparecido y han dejado de circular, por lo que algunos d\u00edas, los voceadores no llevan sustento a sus hogares, esta critica la situaci\u00f3n, pero vamos a defender esta fuente de trabajo\u201d, agreg\u00f3.<\/p>\n\n\n\n<p>Indico que traen tres l\u00edneas de trabajo, una social, otra laboral y una m\u00e1s gremial.<\/p>\n\n\n\n<p>Por lo que aplaudi\u00f3 que los representantes del gobierno estatal y municipal que estuvieron presentes en la asamblea, que se comprometieran a reactivar los apoyos que se ten\u00edan en el pasado para los voceadores, como lo son becas para sus hijos y despensas.<\/p>\n\n\n\n<p>Por su parte, el secretario de la delegaci\u00f3n de Chilpancingo, Ernesto Franco Fierros, dijo que en la capital del estado la pandemia y el aumento de los insumos, como papel y tinta, para la impresi\u00f3n de peri\u00f3dicos han mermado sus ingresos.<\/p>\n\n\n\n<p>\u201cHan reducido sus tirajes, tanto los estatales como los locales, hablamos del peri\u00f3dico El Guerrero y El Sur, que tienen una baja producci\u00f3n por que los insumos son muy caros\u201d, dijo.<\/p>\n\n\n\n<p>Explico que, a nivel local, han desaparecido dos peri\u00f3dicos, que son El Sol de Chilpancingo y La Tarde, mismos que no pudieron subsistir por la pandemia y por los cambios de gobierno; sumado a esto, la reducci\u00f3n del tiraje de los diarios ha afectado su econom\u00eda.<\/p>\n\n\n\n<p>\u201cSus ventas bajaron, el Diario de Guerrero ten\u00eda un tiraje de 12 mil peri\u00f3dicos al d\u00eda y lo redujeron a casi 4 mil, tambi\u00e9n el peri\u00f3dico V\u00e9rtice que ten\u00eda un tiraje de 7 mil lo redujo a 2 mil, es bastante fuerte la merma en la econom\u00eda de los voceadores\u201d, explic\u00f3.<\/p>\n\n\n\n<p>Antes de finalizar, dijo que en la capital del estado existen cerca de 70 voceadores, los cuales est\u00e1n en dos organizaciones y algunos independientes, los cuales est\u00e1n viendo sus ingresos disminuidos hasta en un 60 por ciento.<\/p>\n","protected":false},"excerpt":{"rendered":"<p>&#8211; Realizan asamblea nacional en Chilpancingo Dassaev T\u00e9llez Adame Chilpancingo, 20 de enero.- Voceadores de Chilpancingo conmemoraron 33 a\u00f1os de la fundaci\u00f3n de su organizaci\u00f3n y realizaron la edici\u00f3n n\u00famero&hellip; <\/p>\n","protected":false},"author":9,"featured_media":40566,"comment_status":"open","ping_status":"open","sticky":false,"template":"","format":"standard","meta":{"fifu_image_url":"","fifu_image_alt":"","footnotes":""},"categories":[29],"tags":[],"class_list":["post-40565","post","type-post","status-publish","format-standard","has-post-thumbnail","hentry","category-sociedad"],"_links":{"self":[{"href":"https:\/\/www.interaccionnoticias.com.mx\/index.php?rest_route=\/wp\/v2\/posts\/40565","targetHints":{"allow":["GET"]}}],"collection":[{"href":"https:\/\/www.interaccionnoticias.com.mx\/index.php?rest_route=\/wp\/v2\/posts"}],"about":[{"href":"https:\/\/www.interaccionnoticias.com.mx\/index.php?rest_route=\/wp\/v2\/types\/post"}],"author":[{"embeddable":true,"href":"https:\/\/www.interaccionnoticias.com.mx\/index.php?rest_route=\/wp\/v2\/users\/9"}],"replies":[{"embeddable":true,"href":"https:\/\/www.interaccionnoticias.com.mx\/index.php?rest_route=%2Fwp%2Fv2%2Fcomments&post=40565"}],"version-history":[{"count":1,"href":"https:\/\/www.interaccionnoticias.com.mx\/index.php?rest_route=\/wp\/v2\/posts\/40565\/revisions"}],"predecessor-version":[{"id":40567,"href":"https:\/\/www.interaccionnoticias.com.mx\/index.php?rest_route=\/wp\/v2\/posts\/40565\/revisions\/40567"}],"wp:featuredmedia":[{"embeddable":true,"href":"https:\/\/www.interaccionnoticias.com.mx\/index.php?rest_route=\/wp\/v2\/media\/40566"}],"wp:attachment":[{"href":"https:\/\/www.interaccionnoticias.com.mx\/index.php?rest_route=%2Fwp%2Fv2%2Fmedia&parent=40565"}],"wp:term":[{"taxonomy":"category","embeddable":true,"href":"https:\/\/www.interaccionnoticias.com.mx\/index.php?rest_route=%2Fwp%2Fv2%2Fcategories&post=40565"},{"taxonomy":"post_tag","embeddable":true,"href":"https:\/\/www.interaccionnoticias.com.mx\/index.php?rest_route=%2Fwp%2Fv2%2Ftags&post=40565"}],"curies":[{"name":"wp","href":"https:\/\/api.w.org\/{rel}","templated":true}]}}