{"id":40547,"date":"2022-01-20T18:52:11","date_gmt":"2022-01-21T00:52:11","guid":{"rendered":"https:\/\/interaccionnoticias.com.mx\/?p=40547"},"modified":"2022-01-20T18:52:16","modified_gmt":"2022-01-21T00:52:16","slug":"voto-de-conciencia-en-torno-a-la-despenalizacion-del-aborto-plantea-el-coordinador-parlamentario-del-pri-guerrero","status":"publish","type":"post","link":"https:\/\/www.interaccionnoticias.com.mx\/?p=40547","title":{"rendered":"\u201cVoto de conciencia\u201d en torno a la despenalizaci\u00f3n del aborto, plantea el coordinador parlamentario del PRI-Guerrero"},"content":{"rendered":"\n<p><strong><em>&#8211; Hasta el momento, la Comisi\u00f3n de Justicia no ha entrado en la revisi\u00f3n del dictamen<\/em><\/strong><\/p>\n\n\n\n<p><strong>Rogelio Agust\u00edn<\/strong><\/p>\n\n\n\n<p>El coordinador de los diputados locales del PRI, H\u00e9ctor Apreza Patr\u00f3n consider\u00f3 que en el tema de la despenalizaci\u00f3n del aborto cada representante popular debe emitir un voto de acuerdo con su conciencia, independientemente de la ideolog\u00eda que reividiquen sus respectivos partidos pol\u00edticos.<\/p>\n\n\n\n<p>Apreza Patr\u00f3n sostuvo que la despenalizaci\u00f3n del aborto, sin duda es un tema pol\u00edtico, en el que la sociedad se encuentra pendiente de lo que se resuelva en el Poder legislativo de Guerrero.<\/p>\n\n\n\n<p>Record\u00f3 que de manera inicial, la iniciativa de ley presentada por las diputadas Beatriz Mojica Morga; Jessica Alejo Rayo y Gloria Citlaly Calixto fue turnada a las comisiones de Salud y Justicia.<\/p>\n\n\n\n<p>Sin embargo, a petici\u00f3n de las mismas promoventes se retir\u00f3 del an\u00e1lisis de la Comisi\u00f3n de Salud, que preside el ex alcalde de Heliodoro Castillo, Olaguer Hern\u00e1ndez Flores.<\/p>\n\n\n\n<p>De esa manera, la Mesa Directiva del Congreso determin\u00f3 que la propuesta quedara solamente en manos de la comisi\u00f3n de Justicia, que preside el ex alcalde de Chilapa, Jes\u00fas Parra Garc\u00eda.<\/p>\n\n\n\n<p>El pasado lunes 17 de enero, la Comisi\u00f3n de Justicia se reuni\u00f3 para desahogar varios temas, de tal manera que de los cinco asistentes, ninguno propuso avanzar en la revisi\u00f3n de la propuesta de despenalizar el aborto.<\/p>\n\n\n\n<p>Adem\u00e1s del pri\u00edsta Jes\u00fas Parra, como secretaria de la comisi\u00f3n de Justicia participa la Morenista Beatriz Mojica Morga; en tanto que como vocales fungen Bernardo Ortega Jim\u00e9nez, del PRD; Estrella de la Paz Bernal, de Morena y Analenis Res\u00e9ndiz Javier, del PAN.<\/p>\n\n\n\n<p>\u201cNadie puso sobre la mesa que se incorporara al an\u00e1lisis el tema de la iniciativa de interrupci\u00f3n legal del embarazo\u201d, destac\u00f3.<\/p>\n\n\n\n<p>Consider\u00f3 valido que se vayan dando los tiempos correspondientes al desahogo del tema, habida cuenta de que se trata de una propuesta que requiere de un an\u00e1lisis muy detallado.<\/p>\n\n\n\n<p>Apreza Patr\u00f3n salud\u00f3 la postura de la diputada Jessica Alejo Rayo, quien reconoce que se debe escuchar a todas las partes que opinan en el tema, aunque dej\u00f3 en claro que por tratarse de un asunto de Derechos Humanos, lo que se deja en claro es que los derechos no son objeto de consulta.<\/p>\n\n\n\n<p>\u201cMe parece muy refrescante la opini\u00f3n de la diputada Jessica, hay que escuchar a los que est\u00e1n a favor y los que est\u00e1n en contra, una vez escuchados hay que escuchar el dictamen en el sentido que vaya, para que cada diputado vote de acuerdo a su consideraci\u00f3n, de acuerdo a su conciencia\u201d, anot\u00f3.<\/p>\n\n\n\n<p>Indic\u00f3: \u201cEs un tema tan pol\u00e9mico, que tiene que ver con Derechos Humanos, con Derechos Constitucionales, que entonces cada quien debe emitir un voto de conciencia, con base a las reflexiones que haga cada diputada y diputado, que emitan su voto con base a su conciencia\u201d.<\/p>\n\n\n\n<p>Precis\u00f3: \u201cEn el PRI votamos libremente; compartimos opiniones, intercambiamos puntos de vista sobre diferentes temas y ah\u00ed se toman decisiones, pero no son votos corporativos, al final del d\u00eda son votos individuales\u201d.<\/p>\n","protected":false},"excerpt":{"rendered":"<p>&#8211; Hasta el momento, la Comisi\u00f3n de Justicia no ha entrado en la revisi\u00f3n del dictamen Rogelio Agust\u00edn El coordinador de los diputados locales del PRI, H\u00e9ctor Apreza Patr\u00f3n consider\u00f3&hellip; <\/p>\n","protected":false},"author":21,"featured_media":40545,"comment_status":"open","ping_status":"open","sticky":false,"template":"","format":"standard","meta":{"fifu_image_url":"","fifu_image_alt":"","footnotes":""},"categories":[2],"tags":[],"class_list":["post-40547","post","type-post","status-publish","format-standard","has-post-thumbnail","hentry","category-congreso"],"_links":{"self":[{"href":"https:\/\/www.interaccionnoticias.com.mx\/index.php?rest_route=\/wp\/v2\/posts\/40547","targetHints":{"allow":["GET"]}}],"collection":[{"href":"https:\/\/www.interaccionnoticias.com.mx\/index.php?rest_route=\/wp\/v2\/posts"}],"about":[{"href":"https:\/\/www.interaccionnoticias.com.mx\/index.php?rest_route=\/wp\/v2\/types\/post"}],"author":[{"embeddable":true,"href":"https:\/\/www.interaccionnoticias.com.mx\/index.php?rest_route=\/wp\/v2\/users\/21"}],"replies":[{"embeddable":true,"href":"https:\/\/www.interaccionnoticias.com.mx\/index.php?rest_route=%2Fwp%2Fv2%2Fcomments&post=40547"}],"version-history":[{"count":1,"href":"https:\/\/www.interaccionnoticias.com.mx\/index.php?rest_route=\/wp\/v2\/posts\/40547\/revisions"}],"predecessor-version":[{"id":40548,"href":"https:\/\/www.interaccionnoticias.com.mx\/index.php?rest_route=\/wp\/v2\/posts\/40547\/revisions\/40548"}],"wp:featuredmedia":[{"embeddable":true,"href":"https:\/\/www.interaccionnoticias.com.mx\/index.php?rest_route=\/wp\/v2\/media\/40545"}],"wp:attachment":[{"href":"https:\/\/www.interaccionnoticias.com.mx\/index.php?rest_route=%2Fwp%2Fv2%2Fmedia&parent=40547"}],"wp:term":[{"taxonomy":"category","embeddable":true,"href":"https:\/\/www.interaccionnoticias.com.mx\/index.php?rest_route=%2Fwp%2Fv2%2Fcategories&post=40547"},{"taxonomy":"post_tag","embeddable":true,"href":"https:\/\/www.interaccionnoticias.com.mx\/index.php?rest_route=%2Fwp%2Fv2%2Ftags&post=40547"}],"curies":[{"name":"wp","href":"https:\/\/api.w.org\/{rel}","templated":true}]}}