{"id":40302,"date":"2022-01-12T22:55:41","date_gmt":"2022-01-13T04:55:41","guid":{"rendered":"https:\/\/interaccionnoticias.com.mx\/?p=40302"},"modified":"2022-01-12T22:55:45","modified_gmt":"2022-01-13T04:55:45","slug":"la-diputada-local-julieta-fernandez-se-pronuncio-contra-la-despenalizacion-del-aborto","status":"publish","type":"post","link":"https:\/\/www.interaccionnoticias.com.mx\/?p=40302","title":{"rendered":"La diputada local Julieta Fern\u00e1ndez se pronunci\u00f3 contra la despenalizaci\u00f3n del aborto"},"content":{"rendered":"\n<p><strong>Rosario Garc\u00eda Orozco<\/strong><\/p>\n\n\n\n<p><strong>Chilpancingo, Gro., 12 de enero del 2022.-<\/strong> La diputada priista Julieta Fern\u00e1ndez M\u00e1rquez se dijo en contra de la iniciativa de un grupo de legisladoras morenistas para despenalizar el aborto.<\/p>\n\n\n\n<p>La postura de la legisladora priista surgi\u00f3 tras la iniciativa de las morenistas Citlali Calixto Jim\u00e9nez, Beatriz M\u00f3jica Morga y Nora Vel\u00e1zquez Mart\u00ednez, quienes proponen reformar al C\u00f3digo Penal del Estado para despenalizar el aborto.<\/p>\n\n\n\n<p>Al respecto, Julieta Fern\u00e1ndez reiter\u00f3 su postura en contra de la despenalizaci\u00f3n del aborto, y lament\u00f3 que, teniendo la actual legislatura un rezago importante en temas \u00abverdaderamente prioritarios que urgen ser atendidos se le de mayor importancia a este tema que lastima a muchas mujeres\u00bb .<\/p>\n\n\n\n<p>Insisti\u00f3 en que \u00abel aborto nunca ser\u00e1 legal porque viola el derecho a la vida, que es el derecho m\u00e1s importante reconocido por el derecho internacional y establecido en los tratados internacionales que M\u00e9xico ha firmado como pa\u00eds y por lo mismo est\u00e1 reconocido en nuestra Constituci\u00f3n\u00bb.<\/p>\n\n\n\n<p>Consider\u00f3 que legal o ilegal, un aborto nunca ser\u00e1 seguro, toda vez que no es un procedimiento natural, sino que es provocado por la ingesta de medicamentos, generando contracciones y sangrados hasta el desprendimiento y la evacuaci\u00f3n del no nacido, y adem\u00e1s del riesgo f\u00edsico, genera depresi\u00f3n, insomnio, deseo de suicidio, placenta previa en el siguiente embarazo, infertilidad y hemorragias.<\/p>\n\n\n\n<p>Pidi\u00f3 a las legisladoras no tomar la bandera de la criminalizaci\u00f3n de las mujeres, porque seg\u00fan el reporte del Secretariado Ejecutivo del Sistema Nacional de Seguridad P\u00fablica, en julio de 2021, ninguna mujer en Guerrero se encontraba sentenciada por aborto.<\/p>\n\n\n\n<p>Agreg\u00f3 que esta iniciativa necesita ser analizada en comisiones y revisada en foros ciudadanos, ya que se requieren pol\u00edticas p\u00fablicas que prevengan embarazos y protejan la integridad y y cuiden de la salud de las mujeres.<\/p>\n","protected":false},"excerpt":{"rendered":"<p>Rosario Garc\u00eda Orozco Chilpancingo, Gro., 12 de enero del 2022.- La diputada priista Julieta Fern\u00e1ndez M\u00e1rquez se dijo en contra de la iniciativa de un grupo de legisladoras morenistas para&hellip; <\/p>\n","protected":false},"author":14,"featured_media":40303,"comment_status":"open","ping_status":"open","sticky":false,"template":"","format":"standard","meta":{"fifu_image_url":"","fifu_image_alt":"","footnotes":""},"categories":[2],"tags":[],"class_list":["post-40302","post","type-post","status-publish","format-standard","has-post-thumbnail","hentry","category-congreso"],"_links":{"self":[{"href":"https:\/\/www.interaccionnoticias.com.mx\/index.php?rest_route=\/wp\/v2\/posts\/40302","targetHints":{"allow":["GET"]}}],"collection":[{"href":"https:\/\/www.interaccionnoticias.com.mx\/index.php?rest_route=\/wp\/v2\/posts"}],"about":[{"href":"https:\/\/www.interaccionnoticias.com.mx\/index.php?rest_route=\/wp\/v2\/types\/post"}],"author":[{"embeddable":true,"href":"https:\/\/www.interaccionnoticias.com.mx\/index.php?rest_route=\/wp\/v2\/users\/14"}],"replies":[{"embeddable":true,"href":"https:\/\/www.interaccionnoticias.com.mx\/index.php?rest_route=%2Fwp%2Fv2%2Fcomments&post=40302"}],"version-history":[{"count":1,"href":"https:\/\/www.interaccionnoticias.com.mx\/index.php?rest_route=\/wp\/v2\/posts\/40302\/revisions"}],"predecessor-version":[{"id":40305,"href":"https:\/\/www.interaccionnoticias.com.mx\/index.php?rest_route=\/wp\/v2\/posts\/40302\/revisions\/40305"}],"wp:featuredmedia":[{"embeddable":true,"href":"https:\/\/www.interaccionnoticias.com.mx\/index.php?rest_route=\/wp\/v2\/media\/40303"}],"wp:attachment":[{"href":"https:\/\/www.interaccionnoticias.com.mx\/index.php?rest_route=%2Fwp%2Fv2%2Fmedia&parent=40302"}],"wp:term":[{"taxonomy":"category","embeddable":true,"href":"https:\/\/www.interaccionnoticias.com.mx\/index.php?rest_route=%2Fwp%2Fv2%2Fcategories&post=40302"},{"taxonomy":"post_tag","embeddable":true,"href":"https:\/\/www.interaccionnoticias.com.mx\/index.php?rest_route=%2Fwp%2Fv2%2Ftags&post=40302"}],"curies":[{"name":"wp","href":"https:\/\/api.w.org\/{rel}","templated":true}]}}