{"id":40299,"date":"2022-01-12T20:02:29","date_gmt":"2022-01-13T02:02:29","guid":{"rendered":"https:\/\/interaccionnoticias.com.mx\/?p=40299"},"modified":"2022-01-12T20:02:34","modified_gmt":"2022-01-13T02:02:34","slug":"perfila-morena-la-despenalizacion-del-aborto-en-guerrero","status":"publish","type":"post","link":"https:\/\/www.interaccionnoticias.com.mx\/?p=40299","title":{"rendered":"Perfila Morena la despenalizaci\u00f3n del aborto en Guerrero"},"content":{"rendered":"\n<p><em><strong>&#8211; Diputadas presentan iniciativa, se turna a las comisiones de Salud y Justicia<\/strong><\/em><\/p>\n\n\n\n<p><strong>Rosario Garc\u00eda Orozco<\/strong><\/p>\n\n\n\n<p><strong>Chilpancingo, Gro., 12 de enero del 2022.-<\/strong> Las integrantes de la fracci\u00f3n parlamentaria de Morena en el Congreso de Guerrero, presentaron una iniciativa encaminada a despenalizar el aborto, la cual fue turnada para su an\u00e1lisis a las comisiones de Salud y Justicia.<\/p>\n\n\n\n<p>Gloria Citlali Calixto Jim\u00e9nez, diputada por Morena expuso la iniciativa de decreto para despenalizar el aborto en el estado de Guerrero, la que implica una modificaci\u00f3n al C\u00f3digo de Procedimientos Penales.<\/p>\n\n\n\n<p>Dicha representante popular destac\u00f3 en tribuna: \u201cQuiz\u00e1s nunca decida interrumpir un embarazo, sin embargo, no les vengo a hablar desde mi lugar de privilegio en esta cultura racista y patriarcal, sino desde las realidades de todas las mujeres, de nuestras hermanas decididas a romper patrones, de quienes viven con miedo del juicio social, de madres que deciden por los hijos que tienen, por quienes viven en pobreza, por las mujeres sin acceso a servicios de salud dignos\u201d.<\/p>\n\n\n\n<p>Explic\u00f3 que el grupo Parlamentario de Morena promueve esa iniciativa con el objetivo de garantizar el pleno ejercicio del derecho humano a la salud reproductiva de las mujeres, ni\u00f1as, adolescentes y otras personas con capacidad de gestar, porque sigue siendo uno de los grandes retos para Guerrero.<\/p>\n\n\n\n<p>Agreg\u00f3 que la criminalizaci\u00f3n de la interrupci\u00f3n de un embarazo es violatoria de los derechos humanos, situaci\u00f3n que ha sido se\u00f1alada en repetidas ocasiones para M\u00e9xico en instancias internacionales.<\/p>\n\n\n\n<p>Record\u00f3 que en 2018, el Estado mexicano fue sometido a examinaci\u00f3n del Pacto Internacional de Derechos Econ\u00f3micos, Sociales y Culturales; y de la Convenci\u00f3n para Eliminar todas las formas de Discriminaci\u00f3n contra la Mujer, y como resultado, se emitieron recomendaciones puntuales al Estado mexicano en torno a la importancia de legislar sobre la interrupci\u00f3n voluntaria del embarazo para eliminar su criminalizaci\u00f3n.<\/p>\n\n\n\n<p>Explic\u00f3 que la Norma Oficial Mexicana 046 y la Ley de V\u00edctimas funcionan como instrumentos jur\u00eddicos para garantizar la autonom\u00eda reproductiva de las mujeres v\u00edctimas de violencia.<\/p>\n\n\n\n<p>Sin embargo, \u00aben el estado de Guerrero se ha hecho poco o nada por llevar a cabo el cumplimiento de dichos instrumentos\u00bb.<\/p>\n\n\n\n<p>Record\u00f3 que desde 2019, las organizaciones OBVIO GUERRERO A.C., Justicia, Derechos Humanos y G\u00e9nero A.C, con el acompa\u00f1amiento de las organizaciones del Observatorio Ciudadano Nacional de Feminicidio presentaron una solicitud de alerta de violencia de g\u00e9nero contra las mujeres por agravio comparado para el Estado de Guerrero.<\/p>\n\n\n\n<p>A partir de ello, el 5 de junio de 2020, la Secretar\u00eda de Gobernaci\u00f3n, a trav\u00e9s de la Comisi\u00f3n Nacional para Prevenir y Erradicar la Violencia contra las Mujeres (CONAVIM) , emiti\u00f3 la resoluci\u00f3n mediante la cual se declar\u00f3 la Alerta de Violencia de G\u00e9nero contra las Mujeres por Agravio Comparado para el estado de Guerrero, misma que hasta el momento no ha tenido grandes repercusiones.<\/p>\n\n\n\n<p>Citlali Calixto lament\u00f3 que a un a\u00f1o con tres meses de dicha declaratoria, las acciones emprendidas para atender el resolutivo son nulas, por lo que la Secretar\u00eda de Gobernaci\u00f3n ampli\u00f3 las medidas de la declaratoria y pidi\u00f3 contemplar la despenalizaci\u00f3n del aborto a partir de las resoluciones emitidas por la Suprema Corte de Justicia de la Naci\u00f3n para Sinaloa y Coahuila, lo que sent\u00f3 el precedente.<\/p>\n\n\n\n<p>Expuso que el 7 de septiembre de 2021, el pleno de la Suprema Corte de Justicia de la Naci\u00f3n resolvi\u00f3 la acci\u00f3n de inconstitucionalidad 148\/2017 en contra del C\u00f3digo Penal del Estado de Coahuila en materia de aborto, y por unanimidad de las ministras y ministros presentes, la Suprema Corte de Justicia de la Naci\u00f3n determin\u00f3 que no es constitucional sancionar penalmente a la mujer o persona gestante que decide interrumpir su embarazo.<\/p>\n\n\n\n<p>La Suprema Corte de Justicia de la Naci\u00f3n considera que calificar como delito el aborto voluntario, es violatorio de los derechos humanos y es violencia de g\u00e9nero, por eso convoc\u00f3 a las y los legisladores de las entidades federativas a reformar su legislaci\u00f3n penal para despenalizar el aborto.<\/p>\n\n\n\n<p>En tribuna, la diputada por Morena destac\u00f3: \u00abEsta soberan\u00eda popular, tiene la obligaci\u00f3n y el deber moral de legislar para reconocer y garantizar los derechos de las mujeres de decidir continuar o interrumpir su embarazo\u00bb.<\/p>\n\n\n\n<p>La iniciativa implica las reformas a los art\u00edculos 154; 155, 156, 158, y 159 del C\u00f3digo Penal del Estado de Guerrero, y fue turnada a las comisiones unidas de Justicia y Salud para su discusi\u00f3n y an\u00e1lisis.<\/p>\n\n\n\n<p>La comisi\u00f3n de Justicia est\u00e1 presidida por el diputado local Jes\u00fas Parra Garc\u00eda, en tanto que la de Salud por Olaguer Hern\u00e1ndez Flores, ambos son militantes del PRI.<\/p>\n","protected":false},"excerpt":{"rendered":"<p>&#8211; Diputadas presentan iniciativa, se turna a las comisiones de Salud y Justicia Rosario Garc\u00eda Orozco Chilpancingo, Gro., 12 de enero del 2022.- Las integrantes de la fracci\u00f3n parlamentaria de&hellip; <\/p>\n","protected":false},"author":14,"featured_media":40300,"comment_status":"open","ping_status":"open","sticky":false,"template":"","format":"standard","meta":{"fifu_image_url":"","fifu_image_alt":"","footnotes":""},"categories":[2],"tags":[],"class_list":["post-40299","post","type-post","status-publish","format-standard","has-post-thumbnail","hentry","category-congreso"],"_links":{"self":[{"href":"https:\/\/www.interaccionnoticias.com.mx\/index.php?rest_route=\/wp\/v2\/posts\/40299","targetHints":{"allow":["GET"]}}],"collection":[{"href":"https:\/\/www.interaccionnoticias.com.mx\/index.php?rest_route=\/wp\/v2\/posts"}],"about":[{"href":"https:\/\/www.interaccionnoticias.com.mx\/index.php?rest_route=\/wp\/v2\/types\/post"}],"author":[{"embeddable":true,"href":"https:\/\/www.interaccionnoticias.com.mx\/index.php?rest_route=\/wp\/v2\/users\/14"}],"replies":[{"embeddable":true,"href":"https:\/\/www.interaccionnoticias.com.mx\/index.php?rest_route=%2Fwp%2Fv2%2Fcomments&post=40299"}],"version-history":[{"count":1,"href":"https:\/\/www.interaccionnoticias.com.mx\/index.php?rest_route=\/wp\/v2\/posts\/40299\/revisions"}],"predecessor-version":[{"id":40301,"href":"https:\/\/www.interaccionnoticias.com.mx\/index.php?rest_route=\/wp\/v2\/posts\/40299\/revisions\/40301"}],"wp:featuredmedia":[{"embeddable":true,"href":"https:\/\/www.interaccionnoticias.com.mx\/index.php?rest_route=\/wp\/v2\/media\/40300"}],"wp:attachment":[{"href":"https:\/\/www.interaccionnoticias.com.mx\/index.php?rest_route=%2Fwp%2Fv2%2Fmedia&parent=40299"}],"wp:term":[{"taxonomy":"category","embeddable":true,"href":"https:\/\/www.interaccionnoticias.com.mx\/index.php?rest_route=%2Fwp%2Fv2%2Fcategories&post=40299"},{"taxonomy":"post_tag","embeddable":true,"href":"https:\/\/www.interaccionnoticias.com.mx\/index.php?rest_route=%2Fwp%2Fv2%2Ftags&post=40299"}],"curies":[{"name":"wp","href":"https:\/\/api.w.org\/{rel}","templated":true}]}}