{"id":40259,"date":"2022-01-11T17:49:28","date_gmt":"2022-01-11T23:49:28","guid":{"rendered":"https:\/\/interaccionnoticias.com.mx\/?p=40259"},"modified":"2022-01-11T17:49:34","modified_gmt":"2022-01-11T23:49:34","slug":"pri-guerrero-con-finanzas-sanas-y-vivo-politicamente-asegura-hector-apreza","status":"publish","type":"post","link":"https:\/\/www.interaccionnoticias.com.mx\/?p=40259","title":{"rendered":"PRI-Guerrero: con finanzas sanas y vivo pol\u00edticamente, asegura H\u00e9ctor Apreza"},"content":{"rendered":"\n<p><strong><em>&#8211; Niega que pretenda eternizarse en la presidencia del CDE, pues la dirigencia nacional puede emitir la convocatoria en cualquier momento<br>&#8211; Finanzas sanas, su principal legado, anticipa<br>&#8211; Recuerda que en la elecci\u00f3n de junio se remontaron 26 puntos en la intenci\u00f3n del voto<\/em><\/strong><\/p>\n\n\n\n<p><strong>Rogelio Agust\u00edn<\/strong><\/p>\n\n\n\n<p>El dirigente provisional del PRI-Guerrero, H\u00e9ctor Apreza Patr\u00f3n neg\u00f3 que se aferre a permanecer en el cargo, sostuvo que su principal legado ser\u00e1 dejar un Comit\u00e9 Directivo saneado financieramente, situaci\u00f3n que permitir\u00e1 a quien lo suceda pagar la n\u00f3mina institucional y operar politicamente en toda la entidad.<\/p>\n\n\n\n<p>Apreza Patr\u00f3n record\u00f3 que asumi\u00f3 de manera provisional la dirigencia estatal del partido, luego de que su antecesor en el cargo, Esteban Albarr\u00e1n Mendoza confirmara que hab\u00eda dado positivo a Covid-19, en pleno proceso electoral de ayuntamientos, diputados y por la gubernatura.<\/p>\n\n\n\n<p>Record\u00f3 que el proceso electoral debi\u00f3 concluir definitivamente en octubre de 2021, pero se present\u00f3 la eventualidad de la elecci\u00f3n extraordinaria en el ayuntamiento de Iliatenco, a partir de una sentencia emitida por el Tribunal Electoral del Poder Judicial de la Federaci\u00f3n (TEPJF), por un caso de violencia pol\u00edtica de g\u00e9nero.<\/p>\n\n\n\n<p>Vinieron luego los trabajos encaminados a desarrollar la Asamblea Nacional del partido, sin que hasta el momento se haya emitido la convocatoria para elegir a una nueva dirigente estatal del tricolor.<\/p>\n\n\n\n<p>Precis\u00f3 que la emisi\u00f3n de la convocatoria es responsabilidad del Comit\u00e9 Ejecutivo Nacional (CEN), de tal suerte que no se le puede acusar de pretender perpetuarse en el cargo.<\/p>\n\n\n\n<p>\u201cDesde junio pasado, yo he solicitadp al CEN que se hagan los trabajos correspondiente para emitir la convocatoria y de manera ordenada realizar la renovaci\u00f3n de la dirigencia estatal, si alguien quiere presionar, debe hacer lo ante el Comit\u00e9 Nacional, para que el proceso inicie cuanto antes\u201d, explic\u00f3.<\/p>\n\n\n\n<p>Dijo que se encuentra listo para dar el cauce correspondiente al proceso interno, una vez que el CEN de la pauta correspondiente.<\/p>\n\n\n\n<p>Tom\u00f3 el CDE con 30 puntos abajo en la intenci\u00f3n del voto<\/p>\n\n\n\n<p>El dirigente provisional se\u00f1ala que cuando tom\u00f3 la dirigencia estatal del PRI, este se encontraba 30 puntos abajo en las preferencias electorales, lo que planteaba un escenario sumamente complicado para dicho instituto pol\u00edtico.<\/p>\n\n\n\n<p>Indica: \u201cPero despu\u00e9s del trabajo realizado por miles de mujeres y hombres en todo el estado, del esfuerzo de candidatos a presidentes, sindicos, regidores y diputados quedamos a escasos cuatro puntos. No se logr\u00f3 el objetivo (ganar la gubernatura), pero remontamos 26 puntos\u201d.<\/p>\n\n\n\n<p>Agreg\u00f3: \u201cIncluso en la coalicion PRI-PRD tuvimos en los ayuntamientos m\u00e1s de 150 mil votos que Morena, ese es un dato interesante, producto del esfuerzo de homres y mujeres que apoyaron al PRI y la coalici\u00f3n\u201d.<\/p>\n\n\n\n<p>Lo dejar\u00e1 con finanzas sanas<\/p>\n\n\n\n<p>El tambi\u00e9n l\u00edder de los diputados locales del PRI asume que es cuesti\u00f3n de tiempo para que la dirigencia nacional emita la convocatoria correspondiente, por lo que asume:<\/p>\n\n\n\n<p>\u201cQuien reciba al PRI, lo va a recibir en terminos de saneamiento financiero, como acostumbra (H\u00e9ctor) Apreza; instituci\u00f3n a la que llega lo priero que hace es poner orden admistrativo y financiero, la principal aportacion, adem\u00e1s del trabajo politco -que eso lo juzgar\u00e1 la militancia-, la principal aportacion junto con Gabriela Bernal (secretaria general), sera entregar un PRI con estructura organizativa, con finanzas sanas, con ajuste de personal, donde los gastos superfluos han sido eliminados\u201d, sostuvo<\/p>\n\n\n\n<p>El tener orden financiero, dijo que le permitir\u00e1 a quien se quede al frente, tener la tranquilidad de que podr\u00e1 pagar la nomina de sus trabajadores puntualmente, pero adem\u00e1s que podr\u00e1 desplazarse a lo largo y ancho del estado para realizar el trabajo propio de sus funciones.<\/p>\n\n\n\n<p>Precis\u00f3 que tanto \u00e9l como sus principales colaboradores no cobran en la dirigencia del PRI, pues se\u00f1al\u00f3 que realizan el trabajo \u201ccon devoci\u00f3n al partido\u201d.<\/p>\n\n\n\n<p>Por eso reiter\u00f3: \u201cUn PRI saneado financieramente, esa ser\u00e1 ser\u00e1 la principal aportaci\u00f3n de H\u00e9ctor Apreza\u201d.<\/p>\n","protected":false},"excerpt":{"rendered":"<p>&#8211; Niega que pretenda eternizarse en la presidencia del CDE, pues la dirigencia nacional puede emitir la convocatoria en cualquier momento&#8211; Finanzas sanas, su principal legado, anticipa&#8211; Recuerda que en&hellip; <\/p>\n","protected":false},"author":21,"featured_media":40260,"comment_status":"open","ping_status":"open","sticky":false,"template":"","format":"standard","meta":{"fifu_image_url":"","fifu_image_alt":"","footnotes":""},"categories":[18],"tags":[113,164],"class_list":["post-40259","post","type-post","status-publish","format-standard","has-post-thumbnail","hentry","category-partidos-politicos","tag-hector-apreza-patron","tag-pri"],"_links":{"self":[{"href":"https:\/\/www.interaccionnoticias.com.mx\/index.php?rest_route=\/wp\/v2\/posts\/40259","targetHints":{"allow":["GET"]}}],"collection":[{"href":"https:\/\/www.interaccionnoticias.com.mx\/index.php?rest_route=\/wp\/v2\/posts"}],"about":[{"href":"https:\/\/www.interaccionnoticias.com.mx\/index.php?rest_route=\/wp\/v2\/types\/post"}],"author":[{"embeddable":true,"href":"https:\/\/www.interaccionnoticias.com.mx\/index.php?rest_route=\/wp\/v2\/users\/21"}],"replies":[{"embeddable":true,"href":"https:\/\/www.interaccionnoticias.com.mx\/index.php?rest_route=%2Fwp%2Fv2%2Fcomments&post=40259"}],"version-history":[{"count":1,"href":"https:\/\/www.interaccionnoticias.com.mx\/index.php?rest_route=\/wp\/v2\/posts\/40259\/revisions"}],"predecessor-version":[{"id":40261,"href":"https:\/\/www.interaccionnoticias.com.mx\/index.php?rest_route=\/wp\/v2\/posts\/40259\/revisions\/40261"}],"wp:featuredmedia":[{"embeddable":true,"href":"https:\/\/www.interaccionnoticias.com.mx\/index.php?rest_route=\/wp\/v2\/media\/40260"}],"wp:attachment":[{"href":"https:\/\/www.interaccionnoticias.com.mx\/index.php?rest_route=%2Fwp%2Fv2%2Fmedia&parent=40259"}],"wp:term":[{"taxonomy":"category","embeddable":true,"href":"https:\/\/www.interaccionnoticias.com.mx\/index.php?rest_route=%2Fwp%2Fv2%2Fcategories&post=40259"},{"taxonomy":"post_tag","embeddable":true,"href":"https:\/\/www.interaccionnoticias.com.mx\/index.php?rest_route=%2Fwp%2Fv2%2Ftags&post=40259"}],"curies":[{"name":"wp","href":"https:\/\/api.w.org\/{rel}","templated":true}]}}