{"id":40256,"date":"2022-01-11T15:39:08","date_gmt":"2022-01-11T21:39:08","guid":{"rendered":"https:\/\/interaccionnoticias.com.mx\/?p=40256"},"modified":"2022-01-11T15:39:13","modified_gmt":"2022-01-11T21:39:13","slug":"pide-la-gobernadora-no-bajar-la-guardia-ante-la-cuarta-ola-de-contagios","status":"publish","type":"post","link":"https:\/\/www.interaccionnoticias.com.mx\/?p=40256","title":{"rendered":"Pide la gobernadora no bajar la guardia ante la cuarta ola de contagios"},"content":{"rendered":"\n<p><strong><em>&#8211; Las pr\u00f3ximas dos semanas son cruciales para controlar a la pandemia, sostiene Evelyn Salgado Pineda<\/em><\/strong><\/p>\n\n\n\n<p><strong>Rogelio Agust\u00edn<\/strong><\/p>\n\n\n\n<p><strong>Chilpancingo, Gro., 11 de enero de 2022.- <\/strong>La gobernadora, Evelyn Salgado Pineda pidi\u00f3 a los guerrerenses no bajar la guardia ante la cuarta ola de contagios de Covid-19, ya que las pr\u00f3ximas dos semanas son decisivas para poder controlar a la pandemia.<\/p>\n\n\n\n<p>La titular del Poder Ejecutivo, sostuvo que es necesario que todos, autoridades y poblaci\u00f3n en general asuman una actitud prudente y responsable ante la llegada inminente de la cuarta ola de contagios.<\/p>\n\n\n\n<p>El llamado lo hizo durante la transmisi\u00f3n encaminada a informar sobre la situaci\u00f3n que guarda el Covid-19 en la entidad, donde manifest\u00f3 que sociedad y gobierno, en equipo deben trabajar cada quien desde su trinchera para tomar las medidas necesarias para disminuir el riesgo de contagios.<\/p>\n\n\n\n<p>El subsecretario de Prevenci\u00f3n y Control de Enfermedades de la Secretar\u00eda de Salud, Jes\u00fas Adame Reyna, explic\u00f3 que en la semana epidemiol\u00f3gica n\u00famero uno del presente a\u00f1o, el estado de Guerrero contin\u00faa en sem\u00e1foro verde, y que al momento hay mil 155 casos activos de Covid-19, registr\u00e1ndose 75 nuevos casos en las \u00faltimas 24 horas.<\/p>\n\n\n\n<p>Los casos activos se concentran principalmente en los municipios de Acapulco, con 468; Chilpancingo con 180; Iguala con 165; Taxco con 118; Zihuatanejo con 66; en Ometepec hay 22 confirmados; Chilapa 21; Pungarabato 16; Tixtla 13 y Tlapa 9.<\/p>\n\n\n\n<p>En estos momentos existe un registro de 34 personas hospitalizadas en estado grave, pero ning\u00fan paciente ha sido intubado.<\/p>\n\n\n\n<p>De las 477 camas para pacientes Covid con ventilador en la entidad, est\u00e1n ocupadas 34 y de las mi\u00f1 017 camas generales son 548 con pacientes, manteniendo una ocupaci\u00f3n general del 7 por ciento, en tanto que a nivel nacional es del 21 por ciento, con una baja tasa de mortalidad, pues el porcentaje es de 0.7 decesos por d\u00eda.<\/p>\n\n\n\n<p>El funcionario destac\u00f3 que se trabaja en los m\u00f3dulos de detecci\u00f3n del Covid-19 en las siete regiones del estado, adem\u00e1s se llevan a cabo acciones como la vigilancia en aeropuertos y terminales mar\u00edtimas, ubicadas en Acapulco y Zihuatanejo, adem\u00e1s de la vigilancia epidemiol\u00f3gica en las unidades m\u00e9dicas del sector salud.<\/p>\n\n\n\n<p>El delegado federal de los programas sociales, Iv\u00e1n Hern\u00e1ndez D\u00edaz se\u00f1al\u00f3 que este d\u00eda contin\u00faa la estrategia de vacunaci\u00f3n a rezagados mayores de 18 a\u00f1os, y segunda dosis de refuerzo a personal de salud de primera y segunda l\u00ednea, y a\u00f1adi\u00f3 que el pr\u00f3ximo jueves inicia en Chilpancingo la aplicaci\u00f3n de la segunda dosis a j\u00f3venes rezagados mayores de 18 a\u00f1os, en las canchas de la colonia del PRI y las instalaciones del Instituto Tecnol\u00f3gico de Chilpancingo.<\/p>\n\n\n\n<p>La vacuna tambi\u00e9n se aplicar\u00e1 a j\u00f3venes rezagados en los municipios de Chilapa y Tlapa.<\/p>\n\n\n\n<p>Explic\u00f3 tambi\u00e9n que el personal del sector Salud que recibir\u00e1 su vacuna deber\u00e1 cumplir con los siguientes requisitos: Ser considerado personal de primera o segunda l\u00ednea avalado en el censo nominal de la instituci\u00f3n, presentar el certificado de vacunaci\u00f3n o comprobante de primera y\/o segunda dosis, formato de registro e identificaci\u00f3n oficial.<\/p>\n","protected":false},"excerpt":{"rendered":"<p>&#8211; Las pr\u00f3ximas dos semanas son cruciales para controlar a la pandemia, sostiene Evelyn Salgado Pineda Rogelio Agust\u00edn Chilpancingo, Gro., 11 de enero de 2022.- La gobernadora, Evelyn Salgado Pineda&hellip; <\/p>\n","protected":false},"author":21,"featured_media":40257,"comment_status":"open","ping_status":"open","sticky":false,"template":"","format":"standard","meta":{"fifu_image_url":"","fifu_image_alt":"","footnotes":""},"categories":[11],"tags":[89],"class_list":["post-40256","post","type-post","status-publish","format-standard","has-post-thumbnail","hentry","category-guerrero","tag-evelyn-salgado-pineda"],"_links":{"self":[{"href":"https:\/\/www.interaccionnoticias.com.mx\/index.php?rest_route=\/wp\/v2\/posts\/40256","targetHints":{"allow":["GET"]}}],"collection":[{"href":"https:\/\/www.interaccionnoticias.com.mx\/index.php?rest_route=\/wp\/v2\/posts"}],"about":[{"href":"https:\/\/www.interaccionnoticias.com.mx\/index.php?rest_route=\/wp\/v2\/types\/post"}],"author":[{"embeddable":true,"href":"https:\/\/www.interaccionnoticias.com.mx\/index.php?rest_route=\/wp\/v2\/users\/21"}],"replies":[{"embeddable":true,"href":"https:\/\/www.interaccionnoticias.com.mx\/index.php?rest_route=%2Fwp%2Fv2%2Fcomments&post=40256"}],"version-history":[{"count":1,"href":"https:\/\/www.interaccionnoticias.com.mx\/index.php?rest_route=\/wp\/v2\/posts\/40256\/revisions"}],"predecessor-version":[{"id":40258,"href":"https:\/\/www.interaccionnoticias.com.mx\/index.php?rest_route=\/wp\/v2\/posts\/40256\/revisions\/40258"}],"wp:featuredmedia":[{"embeddable":true,"href":"https:\/\/www.interaccionnoticias.com.mx\/index.php?rest_route=\/wp\/v2\/media\/40257"}],"wp:attachment":[{"href":"https:\/\/www.interaccionnoticias.com.mx\/index.php?rest_route=%2Fwp%2Fv2%2Fmedia&parent=40256"}],"wp:term":[{"taxonomy":"category","embeddable":true,"href":"https:\/\/www.interaccionnoticias.com.mx\/index.php?rest_route=%2Fwp%2Fv2%2Fcategories&post=40256"},{"taxonomy":"post_tag","embeddable":true,"href":"https:\/\/www.interaccionnoticias.com.mx\/index.php?rest_route=%2Fwp%2Fv2%2Ftags&post=40256"}],"curies":[{"name":"wp","href":"https:\/\/api.w.org\/{rel}","templated":true}]}}