{"id":40253,"date":"2022-01-11T15:33:50","date_gmt":"2022-01-11T21:33:50","guid":{"rendered":"https:\/\/interaccionnoticias.com.mx\/?p=40253"},"modified":"2022-01-11T15:33:55","modified_gmt":"2022-01-11T21:33:55","slug":"investiga-la-fge-asesinato-de-un-varon-y-dos-menores-en-tierra-colorada","status":"publish","type":"post","link":"https:\/\/www.interaccionnoticias.com.mx\/?p=40253","title":{"rendered":"Investiga la FGE asesinato de un var\u00f3n y dos menores en Tierra Colorada"},"content":{"rendered":"\n<p><strong><em>&#8211; Entre las v\u00edctimas mortales hay una ni\u00f1a de 12 a\u00f1os de edad<\/em><\/strong><\/p>\n\n\n\n<p><strong>Rogelio Agust\u00edn<\/strong><\/p>\n\n\n\n<p>La Fiscal\u00eda General del Estado (FGE) investiga el asesinato cometido en contra de un adulto y dos menores de edad en Tierra Colorada, municipio de Juan R. Escudero, entre las v\u00edctimas se encuentra una menor de 12 a\u00f1os de edad.<\/p>\n\n\n\n<p>La ma\u00f1ana del martes 11 de enero, la Mesa Central para la Construcci\u00f3n de la Paz sesion\u00f3 en la capital del estado, con la coordinaci\u00f3n de la gobernadora Evelyn Salgado Pineda.<\/p>\n\n\n\n<p>Ah\u00ed, el vicefiscal de Investigaci\u00f3n de la FGE, H\u00e9ctor Salvador Calleja Paniagua inform\u00f3 los avances que tiene el inicio de la carpeta de investigaci\u00f3n por el delito de homicidios y lesiones por arma de fuego en agravio de un masculino y dos menores de edad en el municipio de Juan R. Escudero.<\/p>\n\n\n\n<p>Fdel hecho se tiene poca informaci\u00f3n, aunque en el comunicado se anota que en el ataque armado muri\u00f3 una ni\u00f1a de 12 a\u00f1os de edad.<\/p>\n\n\n\n<p>El vicefiscal, dijo a la Mesa Central que ya se cuentan con l\u00edneas de investigaci\u00f3n que permitir\u00e1n esclarecer el m\u00f3vil de estos hechos, ubicar a los responsables y llevarlos ante las autoridades correspondientes.<\/p>\n\n\n\n<p>En la reuni\u00f3n de la Mesa Central realizada este 11 de enero, asistieron el Comandante de la Novena Regi\u00f3n Militar, Celestino \u00c1vila Astudillo; el Comandante de la Octava Regi\u00f3n Naval, Almirante Julio C\u00e9sar Pescina \u00c1vila; el General de la 27 Zona Militar, Federico San Juan Rosales; el Comandante de la 35 Zona Militar, Enrique Mart\u00ednez L\u00f3pez; el Coordinador Policial de la Guardia Nacional, Inspector General H\u00e9ctor Hern\u00e1ndez Gonz\u00e1lez.<\/p>\n\n\n\n<p>La jornada del lunes 10 de enero, a Guerrero arribaron por lo menos 220 elementos del Ejercito Mexicano que van a reforzar los trabajos de seguridad que comprenden el operativo \u201cSanta Luc\u00eda\u201d.<\/p>\n\n\n\n<p>Tambi\u00e9n se dio a conocer que dicho reforzamiento permitir\u00e1 fortalecer los trabajos de vigilancia y resguardo en ciudades como Iguala y Chilpancingo, que se encuentran ubicadas entre las 50 demarcaciones municipales prioritarias en materia de seguridad p\u00fablica del pa\u00eds.<\/p>\n","protected":false},"excerpt":{"rendered":"<p>&#8211; Entre las v\u00edctimas mortales hay una ni\u00f1a de 12 a\u00f1os de edad Rogelio Agust\u00edn La Fiscal\u00eda General del Estado (FGE) investiga el asesinato cometido en contra de un adulto&hellip; <\/p>\n","protected":false},"author":21,"featured_media":40254,"comment_status":"open","ping_status":"open","sticky":false,"template":"","format":"standard","meta":{"fifu_image_url":"","fifu_image_alt":"","footnotes":""},"categories":[27],"tags":[],"class_list":["post-40253","post","type-post","status-publish","format-standard","has-post-thumbnail","hentry","category-seguridad-publica"],"_links":{"self":[{"href":"https:\/\/www.interaccionnoticias.com.mx\/index.php?rest_route=\/wp\/v2\/posts\/40253","targetHints":{"allow":["GET"]}}],"collection":[{"href":"https:\/\/www.interaccionnoticias.com.mx\/index.php?rest_route=\/wp\/v2\/posts"}],"about":[{"href":"https:\/\/www.interaccionnoticias.com.mx\/index.php?rest_route=\/wp\/v2\/types\/post"}],"author":[{"embeddable":true,"href":"https:\/\/www.interaccionnoticias.com.mx\/index.php?rest_route=\/wp\/v2\/users\/21"}],"replies":[{"embeddable":true,"href":"https:\/\/www.interaccionnoticias.com.mx\/index.php?rest_route=%2Fwp%2Fv2%2Fcomments&post=40253"}],"version-history":[{"count":1,"href":"https:\/\/www.interaccionnoticias.com.mx\/index.php?rest_route=\/wp\/v2\/posts\/40253\/revisions"}],"predecessor-version":[{"id":40255,"href":"https:\/\/www.interaccionnoticias.com.mx\/index.php?rest_route=\/wp\/v2\/posts\/40253\/revisions\/40255"}],"wp:featuredmedia":[{"embeddable":true,"href":"https:\/\/www.interaccionnoticias.com.mx\/index.php?rest_route=\/wp\/v2\/media\/40254"}],"wp:attachment":[{"href":"https:\/\/www.interaccionnoticias.com.mx\/index.php?rest_route=%2Fwp%2Fv2%2Fmedia&parent=40253"}],"wp:term":[{"taxonomy":"category","embeddable":true,"href":"https:\/\/www.interaccionnoticias.com.mx\/index.php?rest_route=%2Fwp%2Fv2%2Fcategories&post=40253"},{"taxonomy":"post_tag","embeddable":true,"href":"https:\/\/www.interaccionnoticias.com.mx\/index.php?rest_route=%2Fwp%2Fv2%2Ftags&post=40253"}],"curies":[{"name":"wp","href":"https:\/\/api.w.org\/{rel}","templated":true}]}}