{"id":40248,"date":"2022-01-11T13:22:36","date_gmt":"2022-01-11T19:22:36","guid":{"rendered":"https:\/\/interaccionnoticias.com.mx\/?p=40248"},"modified":"2022-01-11T13:22:40","modified_gmt":"2022-01-11T19:22:40","slug":"niegan-estatus-de-empresario-a-victima-de-levanton-y-asesinato-en-acapulco","status":"publish","type":"post","link":"https:\/\/www.interaccionnoticias.com.mx\/?p=40248","title":{"rendered":"Niegan estatus de empresario a v\u00edctima de levant\u00f3n y asesinato en Acapulco"},"content":{"rendered":"\n<p><strong><em>&#8211; Era administrador no socio ni due\u00f1o de farmacias en Acapulco\u00a0<br>&#8211; El cad\u00e1ver de la v\u00edctima se lo llevaron sus familiares<br>&#8211; Familiares han negado a declarar ante la FGE<\/em><\/strong>\u00a0<\/p>\n\n\n\n<p><strong>Javier Trujillo<\/strong>\u00a0<\/p>\n\n\n\n<p><strong>Acapulco, Gro.-<\/strong> Roberto Morales Silva, era administrador de una cadena de farmacias ubicadas en el puerto de Acapulco. La noche del s\u00e1bado, hombres armados lo privaron de su libertad, y 12 horas despu\u00e9s apareci\u00f3 asesinado.<\/p>\n\n\n\n<p>En cad\u00e1ver de la v\u00edctima fue encontrado en la zona rural, levantado por sus propios familiares, quienes impidieron que el personal de Servicios Periciales realizar\u00e1 las diligencias y tambi\u00e9n se negaron a que el Servicio M\u00e9dico Forense se llevara el cuerpo.&nbsp;<\/p>\n\n\n\n<p>Han transcurrido m\u00e1s de 48 horas de haber sido fue privado de su libertad, y que apareci\u00f3 sin vida, con huellas de tortura en la comunidad de El Zapote, en el poblado de Paso Texca.<\/p>\n\n\n\n<p>Adem\u00e1s, se indica que hasta la fecha ning\u00fan familiar ha informado a la Polic\u00eda Investigadora Ministerial, las causas y posibles motivos de la privaci\u00f3n de la libertad y posterior homicidio de Roberto Morales.<\/p>\n\n\n\n<p>Hasta el momento la Fiscal\u00eda General del Estado, desconoce las circunstancias por las cuales le arrancaron la vida al administrador de la cadena de farmacias del puerto, a quien identificaron como socio y due\u00f1o de una decena de estos negocios.<\/p>\n\n\n\n<p>Con relaci\u00f3n a las supuestas amenazas de extorsi\u00f3n y supuesto cobro de cuota o de piso, de acuerdo con informaci\u00f3n de la fiscal\u00eda guerrerense, no se tiene denuncia alguna por parte de empresarios porte\u00f1os que sean o hayan sido v\u00edctimas de cobro de cuota o extorsi\u00f3n.<\/p>\n","protected":false},"excerpt":{"rendered":"<p>&#8211; Era administrador no socio ni due\u00f1o de farmacias en Acapulco\u00a0&#8211; El cad\u00e1ver de la v\u00edctima se lo llevaron sus familiares&#8211; Familiares han negado a declarar ante la FGE\u00a0 Javier&hellip; <\/p>\n","protected":false},"author":3,"featured_media":40246,"comment_status":"open","ping_status":"open","sticky":false,"template":"","format":"standard","meta":{"fifu_image_url":"","fifu_image_alt":"","footnotes":""},"categories":[27],"tags":[],"class_list":["post-40248","post","type-post","status-publish","format-standard","has-post-thumbnail","hentry","category-seguridad-publica"],"_links":{"self":[{"href":"https:\/\/www.interaccionnoticias.com.mx\/index.php?rest_route=\/wp\/v2\/posts\/40248","targetHints":{"allow":["GET"]}}],"collection":[{"href":"https:\/\/www.interaccionnoticias.com.mx\/index.php?rest_route=\/wp\/v2\/posts"}],"about":[{"href":"https:\/\/www.interaccionnoticias.com.mx\/index.php?rest_route=\/wp\/v2\/types\/post"}],"author":[{"embeddable":true,"href":"https:\/\/www.interaccionnoticias.com.mx\/index.php?rest_route=\/wp\/v2\/users\/3"}],"replies":[{"embeddable":true,"href":"https:\/\/www.interaccionnoticias.com.mx\/index.php?rest_route=%2Fwp%2Fv2%2Fcomments&post=40248"}],"version-history":[{"count":1,"href":"https:\/\/www.interaccionnoticias.com.mx\/index.php?rest_route=\/wp\/v2\/posts\/40248\/revisions"}],"predecessor-version":[{"id":40249,"href":"https:\/\/www.interaccionnoticias.com.mx\/index.php?rest_route=\/wp\/v2\/posts\/40248\/revisions\/40249"}],"wp:featuredmedia":[{"embeddable":true,"href":"https:\/\/www.interaccionnoticias.com.mx\/index.php?rest_route=\/wp\/v2\/media\/40246"}],"wp:attachment":[{"href":"https:\/\/www.interaccionnoticias.com.mx\/index.php?rest_route=%2Fwp%2Fv2%2Fmedia&parent=40248"}],"wp:term":[{"taxonomy":"category","embeddable":true,"href":"https:\/\/www.interaccionnoticias.com.mx\/index.php?rest_route=%2Fwp%2Fv2%2Fcategories&post=40248"},{"taxonomy":"post_tag","embeddable":true,"href":"https:\/\/www.interaccionnoticias.com.mx\/index.php?rest_route=%2Fwp%2Fv2%2Ftags&post=40248"}],"curies":[{"name":"wp","href":"https:\/\/api.w.org\/{rel}","templated":true}]}}