{"id":40211,"date":"2022-01-10T20:26:05","date_gmt":"2022-01-11T02:26:05","guid":{"rendered":"https:\/\/interaccionnoticias.com.mx\/?p=40211"},"modified":"2022-01-10T20:26:09","modified_gmt":"2022-01-11T02:26:09","slug":"lo-queremos-de-regreso-pronto-dice-la-gobernadora-de-guerrero-al-presidente-de-la-republica","status":"publish","type":"post","link":"https:\/\/www.interaccionnoticias.com.mx\/?p=40211","title":{"rendered":"\u201cLo queremos de regreso pronto\u201d, dice la gobernadora de Guerrero al presidente de la Rep\u00fablica"},"content":{"rendered":"\n<p><strong><em>&#8211; Tras darse por enterada del contagio del jefe del Poder Ejecutivo local<br>&#8211; \u201cEn Guerrero lo queremos mucho\u201d, dice Evelyn Salgado Pineda<\/em><\/strong><\/p>\n\n\n\n<p><strong>Rogelio Agust\u00edn<\/strong><\/p>\n\n\n\n<p>Desde la plaza central de Chilpancingo, la gobernadora Evelyn Salgado Pineda manifest\u00f3 su respaldo y deseo de pronta recuperaci\u00f3n al presidente de la Rep\u00fablica, Andr\u00e9s Manuel L\u00f3pez Obrador, quien confirm\u00f3 esta tarde que ha resultado positivo a Covid-19 por segunda ocasi\u00f3n.<\/p>\n\n\n\n<p>La titular del Poder Ejecutivo local acudi\u00f3 a la plaza central de la capital de Guerrero, lugar en el que la alcaldesa Norma Otilia Hern\u00e1ndez Mart\u00ednez present\u00f3 un informe por sus primeros cien d\u00edas de trabajo.<\/p>\n\n\n\n<p>En el arranque de su mensaje, Salgado Pineda hizo alusi\u00f3n a la informaci\u00f3n que para las 18:30 horas ya saturaba las redes sociales del pa\u00eds, luego de que el presidente L\u00f3pez Obrador confirmara su contagio de Covid-19.<\/p>\n\n\n\n<p>Dijo que se trataba \u201cde esas noticias que no son tan agradables\u201d, luego hizo alusi\u00f3n a la publicaci\u00f3n del presidente L\u00f3pez Obrador en sus redes sociales, especificando que se trata de un padecimiento con s\u00edntomas leves.<\/p>\n\n\n\n<p>Ante la concurrencia y los integrantes del Cabildo capitalino, la gobernadora solicit\u00f3 un aplauso para L\u00f3pez Obrador.<\/p>\n\n\n\n<p>\u201cQueremos desde aqu\u00ed , desde la capital de Guerrero mandarle un fuerte aplauso a nuestro presidente y nuestro m\u00e1s grande deseo de recuperaci\u00f3n\u201d, se\u00f1al\u00f3 en un primer momento.<\/p>\n\n\n\n<p>Luego complement\u00f3: \u201cQuereos que se recupere pronto el presidente porque aqu\u00ed en Guerrero lo queremos mucho, lo queremos de vuelta para que estemos recorriendo todas y cada una de las regiones de nuestro estado\u201d.<\/p>\n\n\n\n<p>En el inicio de la semana, la Secretar\u00eda de Salud comfirm\u00f3 que en Guerrero se ten\u00edan mil 123 casos activos de Covid 19, lo que confirmaba un repunto importante de los contagios durante los primeros d\u00edas de 2022.<\/p>\n\n\n\n<p>Los eventos masivos, por acuerdo del Consejo Estatal de Salud se han acotado, deben desarrollarse al 50 por ciento de la capacidad de los espacios cerrados y con un m\u00e1ximo del 70 por ciento en espacios abiertos.<\/p>\n","protected":false},"excerpt":{"rendered":"<p>&#8211; Tras darse por enterada del contagio del jefe del Poder Ejecutivo local&#8211; \u201cEn Guerrero lo queremos mucho\u201d, dice Evelyn Salgado Pineda Rogelio Agust\u00edn Desde la plaza central de Chilpancingo,&hellip; <\/p>\n","protected":false},"author":21,"featured_media":40212,"comment_status":"open","ping_status":"open","sticky":false,"template":"","format":"standard","meta":{"fifu_image_url":"","fifu_image_alt":"","footnotes":""},"categories":[3],"tags":[],"class_list":["post-40211","post","type-post","status-publish","format-standard","has-post-thumbnail","hentry","category-covid-19"],"_links":{"self":[{"href":"https:\/\/www.interaccionnoticias.com.mx\/index.php?rest_route=\/wp\/v2\/posts\/40211","targetHints":{"allow":["GET"]}}],"collection":[{"href":"https:\/\/www.interaccionnoticias.com.mx\/index.php?rest_route=\/wp\/v2\/posts"}],"about":[{"href":"https:\/\/www.interaccionnoticias.com.mx\/index.php?rest_route=\/wp\/v2\/types\/post"}],"author":[{"embeddable":true,"href":"https:\/\/www.interaccionnoticias.com.mx\/index.php?rest_route=\/wp\/v2\/users\/21"}],"replies":[{"embeddable":true,"href":"https:\/\/www.interaccionnoticias.com.mx\/index.php?rest_route=%2Fwp%2Fv2%2Fcomments&post=40211"}],"version-history":[{"count":1,"href":"https:\/\/www.interaccionnoticias.com.mx\/index.php?rest_route=\/wp\/v2\/posts\/40211\/revisions"}],"predecessor-version":[{"id":40213,"href":"https:\/\/www.interaccionnoticias.com.mx\/index.php?rest_route=\/wp\/v2\/posts\/40211\/revisions\/40213"}],"wp:featuredmedia":[{"embeddable":true,"href":"https:\/\/www.interaccionnoticias.com.mx\/index.php?rest_route=\/wp\/v2\/media\/40212"}],"wp:attachment":[{"href":"https:\/\/www.interaccionnoticias.com.mx\/index.php?rest_route=%2Fwp%2Fv2%2Fmedia&parent=40211"}],"wp:term":[{"taxonomy":"category","embeddable":true,"href":"https:\/\/www.interaccionnoticias.com.mx\/index.php?rest_route=%2Fwp%2Fv2%2Fcategories&post=40211"},{"taxonomy":"post_tag","embeddable":true,"href":"https:\/\/www.interaccionnoticias.com.mx\/index.php?rest_route=%2Fwp%2Fv2%2Ftags&post=40211"}],"curies":[{"name":"wp","href":"https:\/\/api.w.org\/{rel}","templated":true}]}}