{"id":40184,"date":"2022-01-10T16:18:52","date_gmt":"2022-01-10T22:18:52","guid":{"rendered":"https:\/\/interaccionnoticias.com.mx\/?p=40184"},"modified":"2022-01-10T16:18:57","modified_gmt":"2022-01-10T22:18:57","slug":"restringen-los-aforos-en-eventos-masivos-en-guerrero-para-reducir-el-riesgo-de-contagios-de-covid-19","status":"publish","type":"post","link":"https:\/\/www.interaccionnoticias.com.mx\/?p=40184","title":{"rendered":"Restringen los aforos en eventos masivos en Guerrero, para reducir el riesgo de contagios de Covid-19"},"content":{"rendered":"\n<p><strong><em>&#8211; Aunque la entidad permanece en el color verde del sem\u00e1foro epidemiol\u00f3gico<\/em><\/strong><\/p>\n\n\n\n<p><strong>Rogelio Agust\u00edn<\/strong><\/p>\n\n\n\n<p>Aunque Guerrero sigue en sem\u00e1foro verde, el Consejo Estatal de Salud restringi\u00f3 los eventos masivos en un aforo del 50 por ciento de la capacidad de espacios cerrados, as\u00ed como en un m\u00e1ximo de 70 por ciento en espacios abiertos, para disminuir el riesgo de contagios.<\/p>\n\n\n\n<p>Una vez que se confirm\u00f3 que el estado se mantiene en el color verde del sem\u00e1foro epidemiol\u00f3gico impuesto por la administraci\u00f3n federal, la gobernadora Evelyn Salgado Pineda hizo un llamado a los ciudadanos para seguir cuid\u00e1ndose y vacunarse, para efecto de permanecer en dicho nivel.<\/p>\n\n\n\n<p>Las medidas adoprtadas por el Consejo Estatal de Salud, se dieron a conocer durante la sesi\u00f3n que la Mesa Central para la Construcci\u00f3n de la Paz sostuvo este lunes 10 de enero.<\/p>\n\n\n\n<p>En dicha reuni\u00f3n particip\u00f3 la titular de la Secretar\u00eda de Salud, Aid\u00e9 Ibarez Castro, quien inform\u00f3 acerca del monitoreo permanente que se realiza en materia de casos por contagio de COVID-19.<\/p>\n\n\n\n<p>La funcionaria sostuvo que se mantienen las acciones de protocolos sanitarios para espacios p\u00fablicos, implementados en oficinas de gobierno, escuelas p\u00fablicas y privadas, con el prop\u00f3sito de evitar m\u00e1s enfermos por dicho virus.<\/p>\n\n\n\n<p>Ibarez Castro explic\u00f3 que derivado de la sesi\u00f3n del Consejo Estatal de Salud, se acord\u00f3 modificar los porcentajes de ocupaci\u00f3n, aforos y horarios de las actividades presenciales, por lo que se determin\u00f3 que los eventos masivos tendr\u00e1n un aforo m\u00e1ximo de 50 por ciento en espacios cerrados y 70 por ciento en espacios abiertos.<\/p>\n\n\n\n<p>Para dichas actividades se establece un horario de 06:00 am a las 01:00 am, previa solicitud ante la Comisi\u00f3n Federal para la Protecci\u00f3n contra Riesgos Sanitarios (COFEPRIS).<\/p>\n\n\n\n<p>Cada evento masivo debe anunciarse con un m\u00ednimo de 7 d\u00edas h\u00e1biles previos al evento.<\/p>\n\n\n\n<p>Los participantes en eventos masivos deben mostrar el comprobante de que cuentan con el esquema completo de vacunaci\u00f3n o el resultado negativo de una prueba r\u00e1pida, mismo que se debe realizar 72 horas antes del evento.<\/p>\n\n\n\n<p>El delegado federal, Iv\u00e1n Hern\u00e1ndez D\u00edaz inform\u00f3 que el pasado viernes concluy\u00f3 la aplicaci\u00f3n de vacunas a ocho mil 916 j\u00f3venes de entre 15 a 17 a\u00f1os de edad, quienes recibieron su segunda dosis en Acapulco e inform\u00f3 que se aplic\u00f3 la vacuna de refuerzo a un primer bloque del personal de sector Salud con 4 mil 670 vacuna.<\/p>\n\n\n\n<p>Hasta el momento se tiene un dato de 42 mil 569 personas inoculadas en el municipio de Acapulco, acci\u00f3n que evita el incremento de casos graves de COVID-19.<\/p>\n","protected":false},"excerpt":{"rendered":"<p>&#8211; Aunque la entidad permanece en el color verde del sem\u00e1foro epidemiol\u00f3gico Rogelio Agust\u00edn Aunque Guerrero sigue en sem\u00e1foro verde, el Consejo Estatal de Salud restringi\u00f3 los eventos masivos en&hellip; <\/p>\n","protected":false},"author":21,"featured_media":40185,"comment_status":"open","ping_status":"open","sticky":false,"template":"","format":"standard","meta":{"fifu_image_url":"","fifu_image_alt":"","footnotes":""},"categories":[3],"tags":[89],"class_list":["post-40184","post","type-post","status-publish","format-standard","has-post-thumbnail","hentry","category-covid-19","tag-evelyn-salgado-pineda"],"_links":{"self":[{"href":"https:\/\/www.interaccionnoticias.com.mx\/index.php?rest_route=\/wp\/v2\/posts\/40184","targetHints":{"allow":["GET"]}}],"collection":[{"href":"https:\/\/www.interaccionnoticias.com.mx\/index.php?rest_route=\/wp\/v2\/posts"}],"about":[{"href":"https:\/\/www.interaccionnoticias.com.mx\/index.php?rest_route=\/wp\/v2\/types\/post"}],"author":[{"embeddable":true,"href":"https:\/\/www.interaccionnoticias.com.mx\/index.php?rest_route=\/wp\/v2\/users\/21"}],"replies":[{"embeddable":true,"href":"https:\/\/www.interaccionnoticias.com.mx\/index.php?rest_route=%2Fwp%2Fv2%2Fcomments&post=40184"}],"version-history":[{"count":1,"href":"https:\/\/www.interaccionnoticias.com.mx\/index.php?rest_route=\/wp\/v2\/posts\/40184\/revisions"}],"predecessor-version":[{"id":40186,"href":"https:\/\/www.interaccionnoticias.com.mx\/index.php?rest_route=\/wp\/v2\/posts\/40184\/revisions\/40186"}],"wp:featuredmedia":[{"embeddable":true,"href":"https:\/\/www.interaccionnoticias.com.mx\/index.php?rest_route=\/wp\/v2\/media\/40185"}],"wp:attachment":[{"href":"https:\/\/www.interaccionnoticias.com.mx\/index.php?rest_route=%2Fwp%2Fv2%2Fmedia&parent=40184"}],"wp:term":[{"taxonomy":"category","embeddable":true,"href":"https:\/\/www.interaccionnoticias.com.mx\/index.php?rest_route=%2Fwp%2Fv2%2Fcategories&post=40184"},{"taxonomy":"post_tag","embeddable":true,"href":"https:\/\/www.interaccionnoticias.com.mx\/index.php?rest_route=%2Fwp%2Fv2%2Ftags&post=40184"}],"curies":[{"name":"wp","href":"https:\/\/api.w.org\/{rel}","templated":true}]}}