{"id":40182,"date":"2022-01-10T14:17:24","date_gmt":"2022-01-10T20:17:24","guid":{"rendered":"https:\/\/interaccionnoticias.com.mx\/?p=40182"},"modified":"2022-01-10T14:17:28","modified_gmt":"2022-01-10T20:17:28","slug":"pruebas-rapidas-insuficientes-se-queja-ciudadanos","status":"publish","type":"post","link":"https:\/\/www.interaccionnoticias.com.mx\/?p=40182","title":{"rendered":"Pruebas r\u00e1pidas insuficientes, se queja ciudadanos"},"content":{"rendered":"\n<p><strong><em>&#8211; Apenas 150 en tres m\u00f3dulos en Acapulco<\/em><\/strong><\/p>\n\n\n\n<p><strong>Javier Trujillo<\/strong><\/p>\n\n\n\n<p><strong>Acapulco, Gro. &#8211;<\/strong> A pesar del incremento en el n\u00famero de casos de Covid-19 en Guerrero, la Secretaria de Salud en la entidad, realiza solamente 50 pruebas de ant\u00edgeno por m\u00f3dulo en tres zonas de Acapulco.<\/p>\n\n\n\n<p>Los m\u00f3dulos de Covid-19, esta lunes iniciaron solamente 25, en la mayor\u00eda de los casos los ciudadanos, presentaban todos los s\u00edntomas, pero 50 minutos despu\u00e9s de abrir el m\u00f3dulo ya no hab\u00eda pruebas.<\/p>\n\n\n\n<p>\u00abMe dicen que ya no hay de la cantidad de gente que vino, pero ya no alcanzamos y apenas son las 10:55 de la ma\u00f1ana y ya no hay pruebas.<\/p>\n\n\n\n<p>\u00abQue den m\u00e1s pruebas, somos mucha gente (la contagiada) Que tengan mayor rigidez con las vacunas\u00bb, reclam\u00f3 Karla quien lleg\u00f3 acompa\u00f1ada por cinco de sus familiares que presentan sospecha de haber adquirido el contagio.<\/p>\n\n\n\n<p>Ante la molestia de los ciudadanos, algunos optaron por trasladarse a realizarse la prueba a los laboratorios particulares, donde en costo va de 450 hasta mil 300 pesos.<\/p>\n\n\n\n<p>Hasta el m\u00f3dulo del Parque Papagayo, acudi\u00f3 personal de la jurisdicci\u00f3n sanitaria 07 de la Secretaria de Salud, a quienes les reprocharon la falta de personal para realizar pruebas r\u00e1pidas de PCR, y quienes les ayudar\u00e1n a documentar los casos de las personas contagiadas.<\/p>\n","protected":false},"excerpt":{"rendered":"<p>&#8211; Apenas 150 en tres m\u00f3dulos en Acapulco Javier Trujillo Acapulco, Gro. &#8211; A pesar del incremento en el n\u00famero de casos de Covid-19 en Guerrero, la Secretaria de Salud&hellip; <\/p>\n","protected":false},"author":3,"featured_media":40174,"comment_status":"open","ping_status":"open","sticky":false,"template":"","format":"standard","meta":{"fifu_image_url":"","fifu_image_alt":"","footnotes":""},"categories":[3],"tags":[],"class_list":["post-40182","post","type-post","status-publish","format-standard","has-post-thumbnail","hentry","category-covid-19"],"_links":{"self":[{"href":"https:\/\/www.interaccionnoticias.com.mx\/index.php?rest_route=\/wp\/v2\/posts\/40182","targetHints":{"allow":["GET"]}}],"collection":[{"href":"https:\/\/www.interaccionnoticias.com.mx\/index.php?rest_route=\/wp\/v2\/posts"}],"about":[{"href":"https:\/\/www.interaccionnoticias.com.mx\/index.php?rest_route=\/wp\/v2\/types\/post"}],"author":[{"embeddable":true,"href":"https:\/\/www.interaccionnoticias.com.mx\/index.php?rest_route=\/wp\/v2\/users\/3"}],"replies":[{"embeddable":true,"href":"https:\/\/www.interaccionnoticias.com.mx\/index.php?rest_route=%2Fwp%2Fv2%2Fcomments&post=40182"}],"version-history":[{"count":1,"href":"https:\/\/www.interaccionnoticias.com.mx\/index.php?rest_route=\/wp\/v2\/posts\/40182\/revisions"}],"predecessor-version":[{"id":40183,"href":"https:\/\/www.interaccionnoticias.com.mx\/index.php?rest_route=\/wp\/v2\/posts\/40182\/revisions\/40183"}],"wp:featuredmedia":[{"embeddable":true,"href":"https:\/\/www.interaccionnoticias.com.mx\/index.php?rest_route=\/wp\/v2\/media\/40174"}],"wp:attachment":[{"href":"https:\/\/www.interaccionnoticias.com.mx\/index.php?rest_route=%2Fwp%2Fv2%2Fmedia&parent=40182"}],"wp:term":[{"taxonomy":"category","embeddable":true,"href":"https:\/\/www.interaccionnoticias.com.mx\/index.php?rest_route=%2Fwp%2Fv2%2Fcategories&post=40182"},{"taxonomy":"post_tag","embeddable":true,"href":"https:\/\/www.interaccionnoticias.com.mx\/index.php?rest_route=%2Fwp%2Fv2%2Ftags&post=40182"}],"curies":[{"name":"wp","href":"https:\/\/api.w.org\/{rel}","templated":true}]}}