{"id":40101,"date":"2022-01-07T16:23:13","date_gmt":"2022-01-07T22:23:13","guid":{"rendered":"https:\/\/interaccionnoticias.com.mx\/?p=40101"},"modified":"2022-01-07T16:23:17","modified_gmt":"2022-01-07T22:23:17","slug":"van-52-casos-positivos-de-covid-19-en-la-feria-de-chilpancingo","status":"publish","type":"post","link":"https:\/\/www.interaccionnoticias.com.mx\/?p=40101","title":{"rendered":"Van 52 casos positivos de Covid-19 en la Feria de Chilpancingo"},"content":{"rendered":"\n<p><strong><em>&#8211; Hay personas que pese al resultado, insisten en entrar a las instalaciones, bajo el argumento de que \u201cno sienten nada\u201d<\/em><\/strong><\/p>\n\n\n\n<p><strong>Rogelio Agust\u00edn<\/strong><\/p>\n\n\n\n<p>El director de Salud en el ayuntamiento de Chilpancingo, Cipriano Guti\u00e9rrez Castro confirm\u00f3 que en la Feria de Navidad y A\u00f1o Nuevo se han detectado 52 casos positivos de Covid-19, la mayor\u00eda en personas procedentes de otras entidades federativas, aunque tambi\u00e9n hay algunos propietarios de comercios contagiados.<\/p>\n\n\n\n<p>Guti\u00e9rrez Castro, reconoci\u00f3 que a nivel nacional ya se est\u00e1 en la cuarta ola de contagios del Covid-19 y reconoci\u00f3 que la capital de Guerrero no podr\u00e1 quedarse al margen.<\/p>\n\n\n\n<p>\u201cTodos los estadsos ya tienen casos, se han reforzado las medidas sanitarias, anque poco se puede hacer para evitar la propagaci\u00f3n, porque muchas personas no colaboran\u201d, se\u00f1al\u00f3 en funcionario.<\/p>\n\n\n\n<p>Indic\u00f3 que se realizan esfuerzos, como instalar filtros en los accesos, en los que se pone gel y se verifica que la gente porte su cubrebocas, pero cuando pasan los filtros se los quitan y dejan de lado los cuidados.<\/p>\n\n\n\n<p>Sostuvo que en el caso de la feria, se ha puesto en marcha un protocolo de prevenci\u00f3n acorde a los eventos p\u00fablicos, tanto en espacios abiertos como cerrados.<\/p>\n\n\n\n<p>Dijo que para la feria se canalizaron 10 mil pruebas r\u00e1pidas y que hasta la fecha se han utilizado mil 835, teniendo hasta el momento un registro de 52 casos positivos.<\/p>\n\n\n\n<p>La mayor\u00eda de los casos positivos, dijo que han llegado de Acapulco; Oaxaca, Sinaloa e incluso, la Ciudad de M\u00e9xico, aunque tambi\u00e9n hay algunos casos de ciudadanos locales.&nbsp;&nbsp; &nbsp; &nbsp; &nbsp;<\/p>\n\n\n\n<p>Aunque no manej\u00f3 un dato estad\u00edstico, refiri\u00f3 que muchos de los casos positivos result\u00f3 que eran asintom\u00e1ticos, de tal suerte que a pesar del resultado de la prueba, insist\u00edan en entrar a la feria bajo el argumento de que \u201cno sent\u00edan nada\u201d.<\/p>\n\n\n\n<p>Un 30 por ciento de los casos positivos refirieron que en alg\u00fan momento llegaron a tener s\u00edntimas leves, como dolor de cabeza y escurrimiento nazal.<\/p>\n\n\n\n<p>Tambi\u00e9n dijo que hay casos detectados en locatarios, a los que se les han levantado algunas sanciones, a pesar de que insisten en seguir trabajando por el tema de la reactivaci\u00f3n de la econom\u00eda.<\/p>\n\n\n\n<p>En cuanto a la poblaci\u00f3n abierta, dijo que en el m\u00f3dulo de la alameda central, se han detectado un promedio de 2 a 3 casos positivos por d\u00eda, desde que inici\u00f3 la denominada cuarta ola de contagios.<\/p>\n\n\n\n<p>En el municipio, dijo que se han detectado 70 casos positivos en dos semanas, lo que ubica a Chilpancingo en la posici\u00f3n n\u00famero cuatro de contagios a nivel estatal, por debajo de ciudades como Acapulco, Taxco e Iguala.<\/p>\n","protected":false},"excerpt":{"rendered":"<p>&#8211; Hay personas que pese al resultado, insisten en entrar a las instalaciones, bajo el argumento de que \u201cno sienten nada\u201d Rogelio Agust\u00edn El director de Salud en el ayuntamiento&hellip; <\/p>\n","protected":false},"author":21,"featured_media":40099,"comment_status":"open","ping_status":"open","sticky":false,"template":"","format":"standard","meta":{"fifu_image_url":"","fifu_image_alt":"","footnotes":""},"categories":[3],"tags":[],"class_list":["post-40101","post","type-post","status-publish","format-standard","has-post-thumbnail","hentry","category-covid-19"],"_links":{"self":[{"href":"https:\/\/www.interaccionnoticias.com.mx\/index.php?rest_route=\/wp\/v2\/posts\/40101","targetHints":{"allow":["GET"]}}],"collection":[{"href":"https:\/\/www.interaccionnoticias.com.mx\/index.php?rest_route=\/wp\/v2\/posts"}],"about":[{"href":"https:\/\/www.interaccionnoticias.com.mx\/index.php?rest_route=\/wp\/v2\/types\/post"}],"author":[{"embeddable":true,"href":"https:\/\/www.interaccionnoticias.com.mx\/index.php?rest_route=\/wp\/v2\/users\/21"}],"replies":[{"embeddable":true,"href":"https:\/\/www.interaccionnoticias.com.mx\/index.php?rest_route=%2Fwp%2Fv2%2Fcomments&post=40101"}],"version-history":[{"count":1,"href":"https:\/\/www.interaccionnoticias.com.mx\/index.php?rest_route=\/wp\/v2\/posts\/40101\/revisions"}],"predecessor-version":[{"id":40102,"href":"https:\/\/www.interaccionnoticias.com.mx\/index.php?rest_route=\/wp\/v2\/posts\/40101\/revisions\/40102"}],"wp:featuredmedia":[{"embeddable":true,"href":"https:\/\/www.interaccionnoticias.com.mx\/index.php?rest_route=\/wp\/v2\/media\/40099"}],"wp:attachment":[{"href":"https:\/\/www.interaccionnoticias.com.mx\/index.php?rest_route=%2Fwp%2Fv2%2Fmedia&parent=40101"}],"wp:term":[{"taxonomy":"category","embeddable":true,"href":"https:\/\/www.interaccionnoticias.com.mx\/index.php?rest_route=%2Fwp%2Fv2%2Fcategories&post=40101"},{"taxonomy":"post_tag","embeddable":true,"href":"https:\/\/www.interaccionnoticias.com.mx\/index.php?rest_route=%2Fwp%2Fv2%2Ftags&post=40101"}],"curies":[{"name":"wp","href":"https:\/\/api.w.org\/{rel}","templated":true}]}}