{"id":40090,"date":"2022-01-06T18:54:48","date_gmt":"2022-01-07T00:54:48","guid":{"rendered":"https:\/\/interaccionnoticias.com.mx\/?p=40090"},"modified":"2022-01-06T18:54:56","modified_gmt":"2022-01-07T00:54:56","slug":"autodefensa-de-la-upoeg-pedira-al-gobierno-de-guerrero-equipo-para-rastrear-llamadas","status":"publish","type":"post","link":"https:\/\/www.interaccionnoticias.com.mx\/?p=40090","title":{"rendered":"Autodefensa de la UPOEG pedir\u00e1 al Gobierno de Guerrero equipo para rastrear llamadas"},"content":{"rendered":"\n<p><strong><em>&#8211; Con la intrenci\u00f3n de combatir el delito de extorsi\u00f3n<br>&#8211; Bruno Placido Valerio, sostiene que la organizaci\u00f3n pronto se extender\u00e1 a m\u00e1s municipios<\/em><\/strong><\/p>\n\n\n\n<p><strong>Rogelio Agust\u00edn<\/strong><\/p>\n\n\n\n<p>El dirigente de la Uni\u00f3n de Pueblos y Organizaciones del Estado de Guerrero (UPOEG), Bruno Placido Valerio anticip\u00f3 que buscar\u00e1 el acercamiento con la gobernadora Evelyn Salgado Pineda, con la intenci\u00f3n de solicitarle equipo tecnol\u00f3gico para rastrear llamadas y desarticular a los extorsionadores que mantienen en vilo a la poblaci\u00f3n en sus zonas de influencia.<\/p>\n\n\n\n<p>A&nbsp;&nbsp;nueve a\u00f1os de que la UPOEG se presentara como una organizaci\u00f3n de autodefensa armada, si principal dirigente se\u00f1ala que todav\u00eda pretende extenderse hacia diferentes puntos de la entidad, pese a los se\u00f1alamientos que existen respecto a la supuesta infiltraci\u00f3n del crimen organizado.<\/p>\n\n\n\n<p>Placido Valerio sostiene que a pesar de las complicaciones que se han presentado, entre ellas el asesinato de integrantes de la organizaci\u00f3n que representaban una fuerza, la determinaci\u00f3n que tiene es de no dar marcha atr\u00e1s.<\/p>\n\n\n\n<p>Record\u00f3 que son varios los integrantes de la UPOEG que han sido asesinados en los \u00faltimos a\u00f1os, entre ellos Ernesto Gallardo Grande, quien jug\u00f3 un papel importante en la irrupci\u00f3n de 2013 y Miguelc Angel Blanco, quien se coloc\u00f3 al frente de la caravana que en octubre de 2014 ingres\u00f3 a la cabecera municipal de Iguala, para ayudar en la b\u00fasqueda de los 43 desaparecidos de la Normal Rural de Ayotzinapa.<\/p>\n\n\n\n<p>Placido refiere que fue la UPOEG la que motiv\u00f3 el surgimiento del colectivo \u201cLos otros desaparecidos\u201d, pues se encarg\u00f3 de propiciar que los habitantes de Iguala que ten\u00edan familiares no localizados, se organizaran para romper el miedo y comenzar con los trabajos de b\u00fasqueda.<\/p>\n\n\n\n<p>Reconoce que su salud tambi\u00e9n se ha visto afectada, pues en los \u00faltimos a\u00f1os se le agudiz\u00f3 un problema de diabetes, por lo que el fundador de la UPOEG sostiene: \u201cEse es el costo de querer ayudar y querer solidarizarse, de no permitir que a la gente la humillen, que mantengan a salvo su dignidad.<\/p>\n\n\n\n<p>Indic\u00f3 que la jornada del 5 de enero se realiz\u00f3 un evento en Ayutla, como una manera de recordar la decisi\u00f3n colectiva que tomaron los representantes de comunidades de por lo menos seis municipios.<\/p>\n\n\n\n<p>A nueve a\u00f1os de distancia, indic\u00f3 que la Uni\u00f3n de Pueblos no descarta la posibilidad de seguir expandi\u00e9ndose: \u201cVamos a seguir creciendo porque los problemas siguen, las extorsiones se siguen dando y vamos a buscar el acercamiento con el gobierno del estado\u201d.<\/p>\n\n\n\n<p>Explic\u00f3 las razones por las que buscar\u00eda el acercamiento con la titular del Poder Ejecutivo local, Evelyn Salgado Pineda: \u201cVamos a solicitar que nos equipen, no queremos que nos den armas, queremos tecnolog\u00eda para rastrear llamadas y evitar extorsiones a la gente que d\u00eda con d\u00eda son v\u00edctimas de la delincuencia\u201d.&nbsp; &nbsp; &nbsp; &nbsp; &nbsp;<\/p>\n\n\n\n<p>Respecto a los cuestionamientos que recurrentemente se dirigen en su contra, manifest\u00f3 que los que se inconforman, generalmente son gentes que tienen relaci\u00f3n con alguna organizaci\u00f3n delictiva, por lo que ven afectados sus&nbsp;<\/p>\n\n\n\n<p>Intereses.<\/p>\n\n\n\n<p>Indic\u00f3: \u201cHemos encontrado muchos comentarios en contra en redes sociales, pero al revisar los perfiles se encuentra que son familiares de detenidos porque cometieron alg\u00fan delito\u201d.<\/p>\n\n\n\n<p>No descart\u00f3 la posibilidad de que alg\u00fan integrante de la organizaci\u00f3n ceda ante las tentaciones que plantea la delincuencia, por lo que invit\u00f3 a los ciudadanos que tengan elementos, acudan ante las autoridades o se comuniquen con la dirigencia, para efecto de que los casos se investiguen o sancionen.<\/p>\n\n\n\n<p>El problema de la infiltraci\u00f3n, asegur\u00f3 que es real y no solo se presenta en la UPOEG, tambi\u00e9n en instituciones oficiales, como la polic\u00eda o las fuerzas armadas.<\/p>\n","protected":false},"excerpt":{"rendered":"<p>&#8211; Con la intrenci\u00f3n de combatir el delito de extorsi\u00f3n&#8211; Bruno Placido Valerio, sostiene que la organizaci\u00f3n pronto se extender\u00e1 a m\u00e1s municipios Rogelio Agust\u00edn El dirigente de la Uni\u00f3n&hellip; <\/p>\n","protected":false},"author":21,"featured_media":40091,"comment_status":"open","ping_status":"open","sticky":false,"template":"","format":"standard","meta":{"fifu_image_url":"","fifu_image_alt":"","footnotes":""},"categories":[27],"tags":[],"class_list":["post-40090","post","type-post","status-publish","format-standard","has-post-thumbnail","hentry","category-seguridad-publica"],"_links":{"self":[{"href":"https:\/\/www.interaccionnoticias.com.mx\/index.php?rest_route=\/wp\/v2\/posts\/40090","targetHints":{"allow":["GET"]}}],"collection":[{"href":"https:\/\/www.interaccionnoticias.com.mx\/index.php?rest_route=\/wp\/v2\/posts"}],"about":[{"href":"https:\/\/www.interaccionnoticias.com.mx\/index.php?rest_route=\/wp\/v2\/types\/post"}],"author":[{"embeddable":true,"href":"https:\/\/www.interaccionnoticias.com.mx\/index.php?rest_route=\/wp\/v2\/users\/21"}],"replies":[{"embeddable":true,"href":"https:\/\/www.interaccionnoticias.com.mx\/index.php?rest_route=%2Fwp%2Fv2%2Fcomments&post=40090"}],"version-history":[{"count":1,"href":"https:\/\/www.interaccionnoticias.com.mx\/index.php?rest_route=\/wp\/v2\/posts\/40090\/revisions"}],"predecessor-version":[{"id":40092,"href":"https:\/\/www.interaccionnoticias.com.mx\/index.php?rest_route=\/wp\/v2\/posts\/40090\/revisions\/40092"}],"wp:featuredmedia":[{"embeddable":true,"href":"https:\/\/www.interaccionnoticias.com.mx\/index.php?rest_route=\/wp\/v2\/media\/40091"}],"wp:attachment":[{"href":"https:\/\/www.interaccionnoticias.com.mx\/index.php?rest_route=%2Fwp%2Fv2%2Fmedia&parent=40090"}],"wp:term":[{"taxonomy":"category","embeddable":true,"href":"https:\/\/www.interaccionnoticias.com.mx\/index.php?rest_route=%2Fwp%2Fv2%2Fcategories&post=40090"},{"taxonomy":"post_tag","embeddable":true,"href":"https:\/\/www.interaccionnoticias.com.mx\/index.php?rest_route=%2Fwp%2Fv2%2Ftags&post=40090"}],"curies":[{"name":"wp","href":"https:\/\/api.w.org\/{rel}","templated":true}]}}