{"id":40086,"date":"2022-01-06T18:41:46","date_gmt":"2022-01-07T00:41:46","guid":{"rendered":"https:\/\/interaccionnoticias.com.mx\/?p=40086"},"modified":"2022-01-06T18:41:50","modified_gmt":"2022-01-07T00:41:50","slug":"guerrero-a-semaforo-naranja-adelanta-fsm","status":"publish","type":"post","link":"https:\/\/www.interaccionnoticias.com.mx\/?p=40086","title":{"rendered":"Guerrero a sem\u00e1foro naranja, adelanta FSM"},"content":{"rendered":"\n<p><strong><em>&#8211; Anunci\u00f3 en transmisi\u00f3n a trav\u00e9s de Facebook<\/em><\/strong><\/p>\n\n\n\n<p><strong>Javier Trujillo<\/strong><\/p>\n\n\n\n<p><strong>Acapulco, Gro. &#8211;<\/strong> Ante el aumento de nuevos contagios del Covid-19, en Guerrero, el senador por Morena, F\u00e9lix Salgado Macedonio, adelant\u00f3 que cambiar\u00e1 el sem\u00e1foro epidemiol\u00f3gico directamente de verde a naranja, la pr\u00f3xima semana.<\/p>\n\n\n\n<p>\u201cEstamos en sem\u00e1foro verde, pero seg\u00fan nos informan, que se puede ir a sem\u00e1foro naranja, entre esta semana o la pr\u00f3xima, porque hay mucho contagio y no quiero que se contagie la gente\u201d, revel\u00f3 el legislador federal, durante una transmisi\u00f3n en vivo desde su perfil de Facebook.<\/p>\n\n\n\n<p>El senador guerrerense, luci\u00f3 una barba y bigotes afeitados, lentes y playera negra, desde lo alto de su casa ley\u00f3 algunos saludos, y otros comentarios, para en seguida revelar el sem\u00e1foro epidemiol\u00f3gico en la entidad.<\/p>\n\n\n\n<p>Salgado Macedonio, recomend\u00f3 seguir aplicando las medidas sanitarias y de prevenci\u00f3n, como han dicho las autoridades del sector salud en el caso del uso obligatorio del cubreboca, gel antibacterial y hasta lentes protectores, que dijo \u00abes lo mejor\u00bb.<\/p>\n\n\n\n<p>En Guerrero, informaron las autoridades sanitarias que los contagios ocasionados por el virus del SAR-CoV-2 que provoca el Covid-19&nbsp;&nbsp;aumentaron en las \u00faltimas 24 horas.<\/p>\n\n\n\n<p>El legislador federal, sugiri\u00f3 a sus seguidores que para evitar el contagio usen vaporub en nariz, pecho y espalda.<\/p>\n","protected":false},"excerpt":{"rendered":"<p>&#8211; Anunci\u00f3 en transmisi\u00f3n a trav\u00e9s de Facebook Javier Trujillo Acapulco, Gro. &#8211; Ante el aumento de nuevos contagios del Covid-19, en Guerrero, el senador por Morena, F\u00e9lix Salgado Macedonio,&hellip; <\/p>\n","protected":false},"author":3,"featured_media":40088,"comment_status":"open","ping_status":"open","sticky":false,"template":"","format":"standard","meta":{"fifu_image_url":"","fifu_image_alt":"","footnotes":""},"categories":[21],"tags":[],"class_list":["post-40086","post","type-post","status-publish","format-standard","has-post-thumbnail","hentry","category-politica"],"_links":{"self":[{"href":"https:\/\/www.interaccionnoticias.com.mx\/index.php?rest_route=\/wp\/v2\/posts\/40086","targetHints":{"allow":["GET"]}}],"collection":[{"href":"https:\/\/www.interaccionnoticias.com.mx\/index.php?rest_route=\/wp\/v2\/posts"}],"about":[{"href":"https:\/\/www.interaccionnoticias.com.mx\/index.php?rest_route=\/wp\/v2\/types\/post"}],"author":[{"embeddable":true,"href":"https:\/\/www.interaccionnoticias.com.mx\/index.php?rest_route=\/wp\/v2\/users\/3"}],"replies":[{"embeddable":true,"href":"https:\/\/www.interaccionnoticias.com.mx\/index.php?rest_route=%2Fwp%2Fv2%2Fcomments&post=40086"}],"version-history":[{"count":1,"href":"https:\/\/www.interaccionnoticias.com.mx\/index.php?rest_route=\/wp\/v2\/posts\/40086\/revisions"}],"predecessor-version":[{"id":40089,"href":"https:\/\/www.interaccionnoticias.com.mx\/index.php?rest_route=\/wp\/v2\/posts\/40086\/revisions\/40089"}],"wp:featuredmedia":[{"embeddable":true,"href":"https:\/\/www.interaccionnoticias.com.mx\/index.php?rest_route=\/wp\/v2\/media\/40088"}],"wp:attachment":[{"href":"https:\/\/www.interaccionnoticias.com.mx\/index.php?rest_route=%2Fwp%2Fv2%2Fmedia&parent=40086"}],"wp:term":[{"taxonomy":"category","embeddable":true,"href":"https:\/\/www.interaccionnoticias.com.mx\/index.php?rest_route=%2Fwp%2Fv2%2Fcategories&post=40086"},{"taxonomy":"post_tag","embeddable":true,"href":"https:\/\/www.interaccionnoticias.com.mx\/index.php?rest_route=%2Fwp%2Fv2%2Ftags&post=40086"}],"curies":[{"name":"wp","href":"https:\/\/api.w.org\/{rel}","templated":true}]}}