{"id":40082,"date":"2022-01-06T18:28:25","date_gmt":"2022-01-07T00:28:25","guid":{"rendered":"https:\/\/interaccionnoticias.com.mx\/?p=40082"},"modified":"2022-01-06T18:28:29","modified_gmt":"2022-01-07T00:28:29","slug":"se-disparan-contagios-en-guerrero-reconoce-salud","status":"publish","type":"post","link":"https:\/\/www.interaccionnoticias.com.mx\/?p=40082","title":{"rendered":"Se disparan contagios en Guerrero, reconoce salud"},"content":{"rendered":"\n<p><strong><em>&#8211; No se registran defunciones, asegura SSG\u00a0<br>&#8211; La gobernadora pide a municipios a realizar pruebas r\u00e1pidas<\/em><\/strong>\u00a0<\/p>\n\n\n\n<p><strong>Javier Trujillo\u00a0<\/strong><\/p>\n\n\n\n<p><strong>Acapulco, Gro. \u2013<\/strong> En Guerrero, se registra un nuevo repunte de casos activos, con 146 nuevos contagios, pero ning\u00fan deceso.\u00a0<\/p>\n\n\n\n<p>La Secretar\u00eda de Salud en Guerrero, report\u00f3 que pas\u00f3 de 312 a 440 el n\u00famero de personas infectadas por la pandemia de Covid-19 y su variante.&nbsp;<\/p>\n\n\n\n<p>A trav\u00e9s de un comunicado, la dependencia estatal indic\u00f3 que, de los 440 casos activos, un total de 146 son nuevos contagios, pero no se registran defunciones en las \u00faltimas 24 horas.&nbsp;<\/p>\n\n\n\n<p>Lo anterior, fue dado a conocer durante la sesi\u00f3n de trabajo virtual de este jueves en la que participaron los acaldes de la entidad, para reforzar las estrategias contra el virus del SAR-Co-V2, ya que la secretar\u00eda d4e salud prev\u00e9 un incremento.&nbsp;<\/p>\n\n\n\n<p>La gobernadora, Evelyn Salgado Pineda, exhort\u00f3 a los municipios, para que, a trav\u00e9s de sus \u00e1reas de salud, instalen m\u00f3dulos de prevenci\u00f3n y aplicaci\u00f3n de pruebas r\u00e1pidas, adem\u00e1s del llamado a la poblaci\u00f3n a utilizar el cubre boca, gel antibacterial y el constante lavado de manos.&nbsp;<\/p>\n\n\n\n<p>Los alcaldes de los municipios, se indica en el comunicado oficial, manifestaron su total disposici\u00f3n para coadyuvar en las acciones necesarias contra el Covid-19, para evitar los contagios.&nbsp;<\/p>\n\n\n\n<p>Se indica que en Guerrero hay un registro de 77 mil 867 casos confirmados de personas contagiadas, y de ellas seis mil 330 han fallecido desde el inicio de la pandemia en que se conoci\u00f3 el primer caso en Acapulco.&nbsp;<\/p>\n\n\n\n<p>El reporte de actualizaci\u00f3n de la Secretar\u00eda de Salud detalla que los casos activos se concentran en Acapulco con 192; Chilpancingo de los Bravo con 63; Taxco de Alarc\u00f3n con 57; Iguala de la Independencia con 53; Zihuatanejo de Azueta con 21; Coyuca de Catal\u00e1n con 7 al igual que Ometepec; Pungarabato con 6; Tlapa de Comonfort con 5 y Chilapa de \u00c1lvarez con 4.&nbsp;<\/p>\n\n\n\n<p>De acuerdo con los datos proporcionados por la titular de salud, Aid\u00e9 Ibarez Castro, se refiere que del mi\u00e9rcoles al jueves se confirmaron 146 nuevos contagios, de los cuales 96 corresponden a la estad\u00edstica del 05 de enero y 50 a diciembre.<\/p>\n","protected":false},"excerpt":{"rendered":"<p>&#8211; No se registran defunciones, asegura SSG\u00a0&#8211; La gobernadora pide a municipios a realizar pruebas r\u00e1pidas\u00a0 Javier Trujillo\u00a0 Acapulco, Gro. \u2013 En Guerrero, se registra un nuevo repunte de casos&hellip; <\/p>\n","protected":false},"author":3,"featured_media":40072,"comment_status":"open","ping_status":"open","sticky":false,"template":"","format":"standard","meta":{"fifu_image_url":"","fifu_image_alt":"","footnotes":""},"categories":[3],"tags":[],"class_list":["post-40082","post","type-post","status-publish","format-standard","has-post-thumbnail","hentry","category-covid-19"],"_links":{"self":[{"href":"https:\/\/www.interaccionnoticias.com.mx\/index.php?rest_route=\/wp\/v2\/posts\/40082","targetHints":{"allow":["GET"]}}],"collection":[{"href":"https:\/\/www.interaccionnoticias.com.mx\/index.php?rest_route=\/wp\/v2\/posts"}],"about":[{"href":"https:\/\/www.interaccionnoticias.com.mx\/index.php?rest_route=\/wp\/v2\/types\/post"}],"author":[{"embeddable":true,"href":"https:\/\/www.interaccionnoticias.com.mx\/index.php?rest_route=\/wp\/v2\/users\/3"}],"replies":[{"embeddable":true,"href":"https:\/\/www.interaccionnoticias.com.mx\/index.php?rest_route=%2Fwp%2Fv2%2Fcomments&post=40082"}],"version-history":[{"count":1,"href":"https:\/\/www.interaccionnoticias.com.mx\/index.php?rest_route=\/wp\/v2\/posts\/40082\/revisions"}],"predecessor-version":[{"id":40083,"href":"https:\/\/www.interaccionnoticias.com.mx\/index.php?rest_route=\/wp\/v2\/posts\/40082\/revisions\/40083"}],"wp:featuredmedia":[{"embeddable":true,"href":"https:\/\/www.interaccionnoticias.com.mx\/index.php?rest_route=\/wp\/v2\/media\/40072"}],"wp:attachment":[{"href":"https:\/\/www.interaccionnoticias.com.mx\/index.php?rest_route=%2Fwp%2Fv2%2Fmedia&parent=40082"}],"wp:term":[{"taxonomy":"category","embeddable":true,"href":"https:\/\/www.interaccionnoticias.com.mx\/index.php?rest_route=%2Fwp%2Fv2%2Fcategories&post=40082"},{"taxonomy":"post_tag","embeddable":true,"href":"https:\/\/www.interaccionnoticias.com.mx\/index.php?rest_route=%2Fwp%2Fv2%2Ftags&post=40082"}],"curies":[{"name":"wp","href":"https:\/\/api.w.org\/{rel}","templated":true}]}}