{"id":40078,"date":"2022-01-06T17:21:31","date_gmt":"2022-01-06T23:21:31","guid":{"rendered":"https:\/\/interaccionnoticias.com.mx\/?p=40078"},"modified":"2022-01-06T17:21:35","modified_gmt":"2022-01-06T23:21:35","slug":"gobierno-de-guerrero-promueve-la-conciliacion-en-el-conflicto-agrario-entre-alacatlatzala-y-malinaltepec","status":"publish","type":"post","link":"https:\/\/www.interaccionnoticias.com.mx\/?p=40078","title":{"rendered":"Gobierno de Guerrero promueve la conciliaci\u00f3n en el conflicto agrario entre Alacatlatzala y Malinaltepec"},"content":{"rendered":"\n<p><strong><em>&#8211; Para evitar que se genere una confrontaci\u00f3n violenta<\/em><\/strong><\/p>\n\n\n\n<p><strong>Rogelio Agust\u00edn<\/strong><\/p>\n\n\n\n<p><strong>Chilpancingo, Gro., 06 de enero de 2022.-<\/strong> El gobierno de Guerrero consigui\u00f3 que se desarrollara una reuni\u00f3n de trabajo, en la ruta de la conciliaci\u00f3n entre los n\u00facleos agrarios de Alacatlatzala y Malinaltepec, lo que ha generado tensi\u00f3n en la parte alta de la Monta\u00f1a.<\/p>\n\n\n\n<p>La secretar\u00eda general de Gobierno, a cargo del doctor Sa\u00fal L\u00f3pez Sollano, busc\u00f3 el contacto entre los representantes de ambos n\u00facleos agrarios, pertenecientes a Malinaltepec para tratar de resolver el problemas de linderos que se arrastra desde hace varios a\u00f1os.<\/p>\n\n\n\n<p>Adem\u00e1s de los representantes de las comunidades, estuvieron los representantes de dependencias federales que integran la Mesa Agraria.<\/p>\n\n\n\n<p>El secretario de Gobierno, indic\u00f3 que dicha reuni\u00f3n representa un logro del gobierno que encabeza la maestra en Derecho Evelyn Salgado Pineda, porque se logr\u00f3 la interlocuci\u00f3n entre los comuneros.<\/p>\n\n\n\n<p>Indic\u00f3 que las propuestas encaminadas a resolver el conflicto, deben surgir de los representantes de las comunidades, dre tal suerte que ellos definir\u00e1n la ruta que se debe seguir para alcanzar la conciliaci\u00f3n.<\/p>\n\n\n\n<p>En el encuentro particip\u00f3 el subsecretario de Asuntos Agrarios, Daniel Cahua L\u00f3pez; el representante de Gobernaci\u00f3n Federal en el Estado, Juan Carlos Barrios Curti; el Presidente Municipal de Malinaltepec, Acasio Flores Guerrero y los voceros de Malinaltepec y Alacatlatzala.<\/p>\n\n\n\n<p>Se espera que en fechas pr\u00f3ximas haya planteamientos concretos en la b\u00fasqueda de acuerdos.<\/p>\n","protected":false},"excerpt":{"rendered":"<p>&#8211; Para evitar que se genere una confrontaci\u00f3n violenta Rogelio Agust\u00edn Chilpancingo, Gro., 06 de enero de 2022.- El gobierno de Guerrero consigui\u00f3 que se desarrollara una reuni\u00f3n de trabajo,&hellip; <\/p>\n","protected":false},"author":21,"featured_media":40074,"comment_status":"open","ping_status":"open","sticky":false,"template":"","format":"standard","meta":{"fifu_image_url":"","fifu_image_alt":"","footnotes":""},"categories":[11],"tags":[],"class_list":["post-40078","post","type-post","status-publish","format-standard","has-post-thumbnail","hentry","category-guerrero"],"_links":{"self":[{"href":"https:\/\/www.interaccionnoticias.com.mx\/index.php?rest_route=\/wp\/v2\/posts\/40078","targetHints":{"allow":["GET"]}}],"collection":[{"href":"https:\/\/www.interaccionnoticias.com.mx\/index.php?rest_route=\/wp\/v2\/posts"}],"about":[{"href":"https:\/\/www.interaccionnoticias.com.mx\/index.php?rest_route=\/wp\/v2\/types\/post"}],"author":[{"embeddable":true,"href":"https:\/\/www.interaccionnoticias.com.mx\/index.php?rest_route=\/wp\/v2\/users\/21"}],"replies":[{"embeddable":true,"href":"https:\/\/www.interaccionnoticias.com.mx\/index.php?rest_route=%2Fwp%2Fv2%2Fcomments&post=40078"}],"version-history":[{"count":1,"href":"https:\/\/www.interaccionnoticias.com.mx\/index.php?rest_route=\/wp\/v2\/posts\/40078\/revisions"}],"predecessor-version":[{"id":40079,"href":"https:\/\/www.interaccionnoticias.com.mx\/index.php?rest_route=\/wp\/v2\/posts\/40078\/revisions\/40079"}],"wp:featuredmedia":[{"embeddable":true,"href":"https:\/\/www.interaccionnoticias.com.mx\/index.php?rest_route=\/wp\/v2\/media\/40074"}],"wp:attachment":[{"href":"https:\/\/www.interaccionnoticias.com.mx\/index.php?rest_route=%2Fwp%2Fv2%2Fmedia&parent=40078"}],"wp:term":[{"taxonomy":"category","embeddable":true,"href":"https:\/\/www.interaccionnoticias.com.mx\/index.php?rest_route=%2Fwp%2Fv2%2Fcategories&post=40078"},{"taxonomy":"post_tag","embeddable":true,"href":"https:\/\/www.interaccionnoticias.com.mx\/index.php?rest_route=%2Fwp%2Fv2%2Ftags&post=40078"}],"curies":[{"name":"wp","href":"https:\/\/api.w.org\/{rel}","templated":true}]}}