{"id":40059,"date":"2022-01-06T17:15:42","date_gmt":"2022-01-06T23:15:42","guid":{"rendered":"https:\/\/interaccionnoticias.com.mx\/?p=40059"},"modified":"2022-01-06T17:15:46","modified_gmt":"2022-01-06T23:15:46","slug":"crac-pf-amaga-con-armar-a-70-ninos-comunitarios-y-mujeres-en-un-plazo-de-ocho-dias","status":"publish","type":"post","link":"https:\/\/www.interaccionnoticias.com.mx\/?p=40059","title":{"rendered":"CRAC-PF amaga con armar a 70 ni\u00f1os comunitarios y mujeres en un plazo de ocho d\u00edas"},"content":{"rendered":"\n<p><strong><em>&#8211; Si la Guardia Nacional (GN) no instala tres puntos de vigilancia en la zona<br>&#8211; Acusan a la polic\u00eda preventiva de Huaycantenango de estar infiltrada<\/em><\/strong><\/p>\n\n\n\n<div class=\"wp-block-jetpack-slideshow aligncenter\" data-effect=\"slide\"><div class=\"wp-block-jetpack-slideshow_container swiper-container\"><ul class=\"wp-block-jetpack-slideshow_swiper-wrapper swiper-wrapper\"><li class=\"wp-block-jetpack-slideshow_slide swiper-slide\"><figure><img decoding=\"async\" src=\"data:image\/gif;base64,R0lGODlhAQABAIAAAAAAAP\/\/\/ywAAAAAAQABAAACAUwAOw==\" fifu-lazy=\"1\" fifu-data-sizes=\"auto\" fifu-data-srcset=\"https:\/\/i1.wp.com\/interaccionnoticias.com.mx\/wp-content\/uploads\/2022\/01\/220106-amaga-1-1024x683.jpeg?ssl=1&w=75&resize=75&ssl=1 75w, https:\/\/i1.wp.com\/interaccionnoticias.com.mx\/wp-content\/uploads\/2022\/01\/220106-amaga-1-1024x683.jpeg?ssl=1&w=100&resize=100&ssl=1 100w, https:\/\/i1.wp.com\/interaccionnoticias.com.mx\/wp-content\/uploads\/2022\/01\/220106-amaga-1-1024x683.jpeg?ssl=1&w=150&resize=150&ssl=1 150w, https:\/\/i1.wp.com\/interaccionnoticias.com.mx\/wp-content\/uploads\/2022\/01\/220106-amaga-1-1024x683.jpeg?ssl=1&w=240&resize=240&ssl=1 240w, https:\/\/i1.wp.com\/interaccionnoticias.com.mx\/wp-content\/uploads\/2022\/01\/220106-amaga-1-1024x683.jpeg?ssl=1&w=320&resize=320&ssl=1 320w, https:\/\/i1.wp.com\/interaccionnoticias.com.mx\/wp-content\/uploads\/2022\/01\/220106-amaga-1-1024x683.jpeg?ssl=1&w=500&resize=500&ssl=1 500w, https:\/\/i1.wp.com\/interaccionnoticias.com.mx\/wp-content\/uploads\/2022\/01\/220106-amaga-1-1024x683.jpeg?ssl=1&w=640&resize=640&ssl=1 640w, https:\/\/i1.wp.com\/interaccionnoticias.com.mx\/wp-content\/uploads\/2022\/01\/220106-amaga-1-1024x683.jpeg?ssl=1&w=800&resize=800&ssl=1 800w, https:\/\/i1.wp.com\/interaccionnoticias.com.mx\/wp-content\/uploads\/2022\/01\/220106-amaga-1-1024x683.jpeg?ssl=1&w=1024&resize=1024&ssl=1 1024w, https:\/\/i1.wp.com\/interaccionnoticias.com.mx\/wp-content\/uploads\/2022\/01\/220106-amaga-1-1024x683.jpeg?ssl=1&w=1280&resize=1280&ssl=1 1280w, https:\/\/i1.wp.com\/interaccionnoticias.com.mx\/wp-content\/uploads\/2022\/01\/220106-amaga-1-1024x683.jpeg?ssl=1&w=1600&resize=1600&ssl=1 1600w\" alt=\"\" class=\"wp-block-jetpack-slideshow_image wp-image-40060\" data-id=\"40060\" fifu-data-src=\"https:\/\/i1.wp.com\/interaccionnoticias.com.mx\/wp-content\/uploads\/2022\/01\/220106-amaga-1-1024x683.jpeg?ssl=1\"\/><\/figure><\/li><li class=\"wp-block-jetpack-slideshow_slide swiper-slide\"><figure><img decoding=\"async\" src=\"data:image\/gif;base64,R0lGODlhAQABAIAAAAAAAP\/\/\/ywAAAAAAQABAAACAUwAOw==\" fifu-lazy=\"1\" fifu-data-sizes=\"auto\" fifu-data-srcset=\"https:\/\/i0.wp.com\/interaccionnoticias.com.mx\/wp-content\/uploads\/2022\/01\/220106-amaga-2-1024x683.jpeg?ssl=1&w=75&resize=75&ssl=1 75w, https:\/\/i0.wp.com\/interaccionnoticias.com.mx\/wp-content\/uploads\/2022\/01\/220106-amaga-2-1024x683.jpeg?ssl=1&w=100&resize=100&ssl=1 100w, https:\/\/i0.wp.com\/interaccionnoticias.com.mx\/wp-content\/uploads\/2022\/01\/220106-amaga-2-1024x683.jpeg?ssl=1&w=150&resize=150&ssl=1 150w, https:\/\/i0.wp.com\/interaccionnoticias.com.mx\/wp-content\/uploads\/2022\/01\/220106-amaga-2-1024x683.jpeg?ssl=1&w=240&resize=240&ssl=1 240w, https:\/\/i0.wp.com\/interaccionnoticias.com.mx\/wp-content\/uploads\/2022\/01\/220106-amaga-2-1024x683.jpeg?ssl=1&w=320&resize=320&ssl=1 320w, https:\/\/i0.wp.com\/interaccionnoticias.com.mx\/wp-content\/uploads\/2022\/01\/220106-amaga-2-1024x683.jpeg?ssl=1&w=500&resize=500&ssl=1 500w, https:\/\/i0.wp.com\/interaccionnoticias.com.mx\/wp-content\/uploads\/2022\/01\/220106-amaga-2-1024x683.jpeg?ssl=1&w=640&resize=640&ssl=1 640w, https:\/\/i0.wp.com\/interaccionnoticias.com.mx\/wp-content\/uploads\/2022\/01\/220106-amaga-2-1024x683.jpeg?ssl=1&w=800&resize=800&ssl=1 800w, https:\/\/i0.wp.com\/interaccionnoticias.com.mx\/wp-content\/uploads\/2022\/01\/220106-amaga-2-1024x683.jpeg?ssl=1&w=1024&resize=1024&ssl=1 1024w, https:\/\/i0.wp.com\/interaccionnoticias.com.mx\/wp-content\/uploads\/2022\/01\/220106-amaga-2-1024x683.jpeg?ssl=1&w=1280&resize=1280&ssl=1 1280w, https:\/\/i0.wp.com\/interaccionnoticias.com.mx\/wp-content\/uploads\/2022\/01\/220106-amaga-2-1024x683.jpeg?ssl=1&w=1600&resize=1600&ssl=1 1600w\" alt=\"\" class=\"wp-block-jetpack-slideshow_image wp-image-40061\" data-id=\"40061\" fifu-data-src=\"https:\/\/i0.wp.com\/interaccionnoticias.com.mx\/wp-content\/uploads\/2022\/01\/220106-amaga-2-1024x683.jpeg?ssl=1\"\/><\/figure><\/li><\/ul><a class=\"wp-block-jetpack-slideshow_button-prev swiper-button-prev swiper-button-white\" role=\"button\"><\/a><a class=\"wp-block-jetpack-slideshow_button-next swiper-button-next swiper-button-white\" role=\"button\"><\/a><a aria-label=\"Pause Slideshow\" class=\"wp-block-jetpack-slideshow_button-pause\" role=\"button\"><\/a><div class=\"wp-block-jetpack-slideshow_pagination swiper-pagination swiper-pagination-white\"><\/div><\/div><\/div>\n\n\n\n<p><strong>Jes\u00fas Dorantes<\/strong><\/p>\n\n\n\n<p>La Polic\u00eda Comunitaria de Ayahualtempa emplaz\u00f3 al Estado y la Federaci\u00f3n para que en un plazo de ocho d\u00edas asuman la seguridad en la ruta que va de Chilapa hacia Hueycantenango, de lo contrario, advierten que armar\u00e1n a 70 ni\u00f1os y las mujeres del pueblo, porque hasta el momento los han dejado solos ante la delincuencia organizada.<\/p>\n\n\n\n<p>La ma\u00f1ana del jueves 6 de enero, habitantes de Ayahualtempa y representates de la Polic\u00eda Comunitaria fracci\u00f3n Pueblos Fundadores (CRAC-PF) marcharon de su localidad hacia la entrada de Hueycantenango, cabecera municipal de Jos\u00e9 Joaqu\u00edn de Herrera, en la Monta\u00f1a baja de Guerrero.<\/p>\n\n\n\n<p>Se\u00f1alaron que desde hace dos a\u00f1os se les tiene aislados, pues no pueden salir hacia Chilapa, porque son agredidos por integrantes del grupo delictivo conocido como Los Ardillos y los mismo sucede ahora con los traslados hacia la cabecera municipal.<\/p>\n\n\n\n<p>Hasta el momento, dijeron que hay por lo menos diez habitantes de Ayahualtema que han sido asesinados, en tanto que a finales de diciembre, uno de sus vecinos fue privado de la libertad y hasta el momento se desconoce su paradero.<\/p>\n\n\n\n<p>Por esa raz\u00f3n, manifestaron que si en un plazo de ocho d\u00edas no existe respuesta por parte de las autoridades, entonces tendr\u00e1n que volver a uniformar y armar a los 70 ni\u00f1os que ya han recibido la instrucci\u00f3n como polic\u00edas comunitarios.<\/p>\n\n\n\n<p>Incluso, destacaron que hay una cantidad importante de jafas de familia, que est\u00e1n dispuestas a tomar las armas para defender a sus hijos y patrimonio de las agresiones constante.<\/p>\n\n\n\n<p>Luis Morales, uno de los voceros de la CRAC-PF manifest\u00f3 que la situaci\u00f3n que enfrentan ya es desesperante, de tal suerte que los coloca en la circunstancia de tomar medidas que pueden considerarse como dr\u00e1sticas.<\/p>\n\n\n\n<p>El planteamiento es que la Guardia Nacional (GN) principalmente, instale tres puntos de vigilancia en los acceso al municipio, para cercar todas las rutas que tienen los delincuentes para irrumpir en su zona de influencia.<\/p>\n\n\n\n<p>Desplazan a la Polic\u00eda Preventiva<\/p>\n\n\n\n<p>Los integrantes de la Polic\u00eda Comunitaria, fracci\u00f3n Pueblos Fundadores (CRAC-PF) marcharon de Ayahualtempa hacia Hueycantenango, cabecera municipal de Jos\u00e9 Joaqu\u00edn de Herrera durante la ma\u00f1ana, con la intenci\u00f3n de desplazar al personal de la Polic\u00eda Preventiva de los filtros de vigilancia instalados para resguardar la localidad.<\/p>\n\n\n\n<p>Luis Morales sostiene que e los elementos de Seguridad P\u00fablica est\u00e1n infiltrados por la delincuencia y no les garantizan resguardo, pues solamente informan de sus movimientos a los delincuentes que los agreden.<\/p>\n\n\n\n<p>La marcha comenz\u00f3 poco despu\u00e9s de las 10:00 horas del jueves, en el contingente participaron alrededor de 50 polic\u00edas comunitarios y cien habitantes de Ayahualtempa.<\/p>\n\n\n\n<p>En la marcha tambi\u00e9n se sumaron 70 ni\u00f1os y sus madres, aunque en esta ocasi\u00f3n sin armas.<\/p>\n\n\n\n<p>Los representantes de la CRAC-PF advirtieron que si las autoridades del Estado y la Federaci\u00f3n no los escuchan, en los pr\u00f3ximos d\u00edas podr\u00edan instalar a los ni\u00f1os en el m\u00f3dulo de vigilancia con uniformes y armas de la polic\u00eda comunitaria.<\/p>\n\n\n\n<p>La finalidad de la marcha, por el momento solo fue tomar el control del principal m\u00f3dulo de vigilancia y expulsar de ah\u00ed a la Polic\u00eda Preventiva Municipal, lo que se desarroll\u00f3 sin complicaciones.<\/p>\n\n\n\n<p>Hicieron un llamado a la Federaci\u00f3n para que la Guardia Nacional (GN) acuda a Hueycantenango y asuma la funci\u00f3n de vigilancia, pues en los \u00faltimos a\u00f1os han sufrido el asesinato de diez de sus compa\u00f1eros y recientemente la desapareci\u00f3n de un habitante de Ayahualtempa.<\/p>\n\n\n\n<p>El plazo de ocho d\u00edas comens\u00f3 a correr a partir de este jueves.<\/p>\n","protected":false},"excerpt":{"rendered":"<p>&#8211; Si la Guardia Nacional (GN) no instala tres puntos de vigilancia en la zona&#8211; Acusan a la polic\u00eda preventiva de Huaycantenango de estar infiltrada Jes\u00fas Dorantes La Polic\u00eda Comunitaria&hellip; <\/p>\n","protected":false},"author":8,"featured_media":40060,"comment_status":"open","ping_status":"open","sticky":false,"template":"","format":"standard","meta":{"fifu_image_url":"","fifu_image_alt":"","footnotes":""},"categories":[27],"tags":[],"class_list":["post-40059","post","type-post","status-publish","format-standard","has-post-thumbnail","hentry","category-seguridad-publica"],"_links":{"self":[{"href":"https:\/\/www.interaccionnoticias.com.mx\/index.php?rest_route=\/wp\/v2\/posts\/40059","targetHints":{"allow":["GET"]}}],"collection":[{"href":"https:\/\/www.interaccionnoticias.com.mx\/index.php?rest_route=\/wp\/v2\/posts"}],"about":[{"href":"https:\/\/www.interaccionnoticias.com.mx\/index.php?rest_route=\/wp\/v2\/types\/post"}],"author":[{"embeddable":true,"href":"https:\/\/www.interaccionnoticias.com.mx\/index.php?rest_route=\/wp\/v2\/users\/8"}],"replies":[{"embeddable":true,"href":"https:\/\/www.interaccionnoticias.com.mx\/index.php?rest_route=%2Fwp%2Fv2%2Fcomments&post=40059"}],"version-history":[{"count":1,"href":"https:\/\/www.interaccionnoticias.com.mx\/index.php?rest_route=\/wp\/v2\/posts\/40059\/revisions"}],"predecessor-version":[{"id":40075,"href":"https:\/\/www.interaccionnoticias.com.mx\/index.php?rest_route=\/wp\/v2\/posts\/40059\/revisions\/40075"}],"wp:featuredmedia":[{"embeddable":true,"href":"https:\/\/www.interaccionnoticias.com.mx\/index.php?rest_route=\/wp\/v2\/media\/40060"}],"wp:attachment":[{"href":"https:\/\/www.interaccionnoticias.com.mx\/index.php?rest_route=%2Fwp%2Fv2%2Fmedia&parent=40059"}],"wp:term":[{"taxonomy":"category","embeddable":true,"href":"https:\/\/www.interaccionnoticias.com.mx\/index.php?rest_route=%2Fwp%2Fv2%2Fcategories&post=40059"},{"taxonomy":"post_tag","embeddable":true,"href":"https:\/\/www.interaccionnoticias.com.mx\/index.php?rest_route=%2Fwp%2Fv2%2Ftags&post=40059"}],"curies":[{"name":"wp","href":"https:\/\/api.w.org\/{rel}","templated":true}]}}