{"id":40051,"date":"2022-01-06T14:08:28","date_gmt":"2022-01-06T20:08:28","guid":{"rendered":"https:\/\/interaccionnoticias.com.mx\/?p=40051"},"modified":"2022-01-06T14:08:32","modified_gmt":"2022-01-06T20:08:32","slug":"normalistas-de-ayotzinapa-exigen-a-la-fiscalia-el-esclarecimiento-de-crimenes-contra-estudiantes-de-esa-escuela","status":"publish","type":"post","link":"https:\/\/www.interaccionnoticias.com.mx\/?p=40051","title":{"rendered":"Normalistas de Ayotzinapa exigen a la Fiscal\u00eda el esclarecimiento de cr\u00edmenes contra estudiantes de esa escuela"},"content":{"rendered":"\n<p><strong>Rosario Garc\u00eda Orozco<\/strong><\/p>\n\n\n\n<p><strong>Chilpancingo, Gro., 6 de enero del 2022.-<\/strong> Estudiantes de la Escuela Normal Rural de Ayotzinapa marcharon este jueves para exigir a la Fiscal\u00eda General del Estado, el esclarecimiento de los cr\u00edmenes en contra de estudiantes de ese plantel.<\/p>\n\n\n\n<p>Durante la jornada de este jueves, los normalistas recordaron la muerte por atropellamiento de Freddy Fernando V\u00e1zquez Crisp\u00edn, y de Eugenio Alberto Tamarit Huerta, ocurrido en la carretera federal Acapulco a Zihuatanejo, a la altura&nbsp;&nbsp;del municipio de Atoyac de \u00c1lvarez, en la Costa Grande de Guerrero, en el 2014, cuando realizaban un boteo.<\/p>\n\n\n\n<p>Hicieron un llamado a la nueva fiscal general, Sandra Luz Baldovinos Salmer\u00f3n, para que gire instrucciones a su personal y avancen con la investigaci\u00f3n de los 10 cr\u00edmenes cometidos contra estudiantes normalistas de Ayotzinapa, \u00abque haya castigo para los culpables de esos hechos de represi\u00f3n contra estudiantes. No queremos que sigan pasando los a\u00f1os con tanta impunidad\u00bb.&nbsp;<\/p>\n\n\n\n<p>Los manifestantes primero arribaron al antimonumento, ubicado en la glorieta a Las Banderas, posteriormente iniciaron una marcha sobre la avenida L\u00e1zaro C\u00e1rdenas y continuaron por el Congreso Local, pero no se detuvieron y siguieron sobre el boulevard Vicente Guerrero, hasta llegar a la Fiscal\u00eda General del Estado, donde realizaron un mitin.<\/p>\n","protected":false},"excerpt":{"rendered":"<p>Rosario Garc\u00eda Orozco Chilpancingo, Gro., 6 de enero del 2022.- Estudiantes de la Escuela Normal Rural de Ayotzinapa marcharon este jueves para exigir a la Fiscal\u00eda General del Estado, el&hellip; <\/p>\n","protected":false},"author":14,"featured_media":40053,"comment_status":"open","ping_status":"open","sticky":false,"template":"","format":"standard","meta":{"fifu_image_url":"","fifu_image_alt":"","footnotes":""},"categories":[15],"tags":[],"class_list":["post-40051","post","type-post","status-publish","format-standard","has-post-thumbnail","hentry","category-movimientos-sociales"],"_links":{"self":[{"href":"https:\/\/www.interaccionnoticias.com.mx\/index.php?rest_route=\/wp\/v2\/posts\/40051","targetHints":{"allow":["GET"]}}],"collection":[{"href":"https:\/\/www.interaccionnoticias.com.mx\/index.php?rest_route=\/wp\/v2\/posts"}],"about":[{"href":"https:\/\/www.interaccionnoticias.com.mx\/index.php?rest_route=\/wp\/v2\/types\/post"}],"author":[{"embeddable":true,"href":"https:\/\/www.interaccionnoticias.com.mx\/index.php?rest_route=\/wp\/v2\/users\/14"}],"replies":[{"embeddable":true,"href":"https:\/\/www.interaccionnoticias.com.mx\/index.php?rest_route=%2Fwp%2Fv2%2Fcomments&post=40051"}],"version-history":[{"count":1,"href":"https:\/\/www.interaccionnoticias.com.mx\/index.php?rest_route=\/wp\/v2\/posts\/40051\/revisions"}],"predecessor-version":[{"id":40058,"href":"https:\/\/www.interaccionnoticias.com.mx\/index.php?rest_route=\/wp\/v2\/posts\/40051\/revisions\/40058"}],"wp:featuredmedia":[{"embeddable":true,"href":"https:\/\/www.interaccionnoticias.com.mx\/index.php?rest_route=\/wp\/v2\/media\/40053"}],"wp:attachment":[{"href":"https:\/\/www.interaccionnoticias.com.mx\/index.php?rest_route=%2Fwp%2Fv2%2Fmedia&parent=40051"}],"wp:term":[{"taxonomy":"category","embeddable":true,"href":"https:\/\/www.interaccionnoticias.com.mx\/index.php?rest_route=%2Fwp%2Fv2%2Fcategories&post=40051"},{"taxonomy":"post_tag","embeddable":true,"href":"https:\/\/www.interaccionnoticias.com.mx\/index.php?rest_route=%2Fwp%2Fv2%2Ftags&post=40051"}],"curies":[{"name":"wp","href":"https:\/\/api.w.org\/{rel}","templated":true}]}}