{"id":40019,"date":"2022-01-05T18:18:21","date_gmt":"2022-01-06T00:18:21","guid":{"rendered":"https:\/\/interaccionnoticias.com.mx\/?p=40019"},"modified":"2022-01-05T18:18:26","modified_gmt":"2022-01-06T00:18:26","slug":"vinculan-a-proceso-a-cuatro-presuntos-asesinos-de-regidor-de-cocjhoapa-el-grande","status":"publish","type":"post","link":"https:\/\/www.interaccionnoticias.com.mx\/?p=40019","title":{"rendered":"Vinculan a proceso a cuatro presuntos asesinos de regidor de Cocjhoapa el Grande"},"content":{"rendered":"\n<p><strong><em>&#8211; Un juez de control otorg\u00f3 cuatro meses de investigaci\u00f3n complementaria, permenecen internos en el penal de Tlapa<\/em><\/strong>\u00a0 \u00a0 \u00a0<\/p>\n\n\n\n<p><strong>Rogelio Agust\u00edn<\/strong><\/p>\n\n\n\n<p>La Fiscal\u00eda General del Estado (FGE) logr\u00f3 la vinculaci\u00f3n a proceso de tres hombres como presuntos responsables del asesinato cometido en agtravio de un regidor de Cochoapa el Grande, municipio ubicado en la regi\u00f3n Monta\u00f1a.<\/p>\n\n\n\n<p>La tarde del miercoles 5 de enero, la FGE inform\u00f3 que un juez hab\u00eda vinculado a proceso a Neftal\u00ed \u00abN\u00bb, Alejandro \u00abN\u00bb y F\u00e9lix \u00abN\u00bb, como probables responsables del delito de homicidio calificado en agravio de Juan Ignacio \u00abN\u00bb, quien se desempe\u00f1aba como regidor en el municipio de Cochoapa el Grande.<\/p>\n\n\n\n<p>La dependencia refiri\u00f3 que los tres imputados fueron detenidos en coordinaci\u00f3n con el Ej\u00e9rcito Mexicano, personal de la Guardia Nacional y la Polic\u00eda del Estado, cuando realizaban recorridos de seguridad y tuvieron a la vista a dos hombres, quienes al percatarse de la presencia policiaca accionaron armas de fuego y se metieron a una casa ubicada sobre carretera estatal que va hacia Metlat\u00f3noc.<\/p>\n\n\n\n<p>En audiencia inicial, el Juez de Control resolvi\u00f3 vincular a proceso a los tres imputados relacionados con la carpeta judicial C-367\/2021, por homicidio calificado en agravio del regidor de Desarrollo Urbano y Obras P\u00fablicas, Juan Ignacio \u00abN\u00bb.<\/p>\n\n\n\n<p>El mismo juez otorg\u00f3 cuatro meses de investigaci\u00f3n complementaria, quedando vigente la medida cautelar de prisi\u00f3n preventiva oficiosa, por lo que se mantienen internos en el Centro de Reinserci\u00f3n Social de Atlamajac, municipio de Tlapa de Comonfort.<\/p>\n\n\n\n<p>La FGE refiri\u00f3 que continuar\u00e1 trabajando en el perfeccionamiento de la carpeta de investigaci\u00f3n correspondiente.<\/p>\n","protected":false},"excerpt":{"rendered":"<p>&#8211; Un juez de control otorg\u00f3 cuatro meses de investigaci\u00f3n complementaria, permenecen internos en el penal de Tlapa\u00a0 \u00a0 \u00a0 Rogelio Agust\u00edn La Fiscal\u00eda General del Estado (FGE) logr\u00f3 la&hellip; <\/p>\n","protected":false},"author":21,"featured_media":40020,"comment_status":"open","ping_status":"open","sticky":false,"template":"","format":"standard","meta":{"fifu_image_url":"","fifu_image_alt":"","footnotes":""},"categories":[27],"tags":[],"class_list":["post-40019","post","type-post","status-publish","format-standard","has-post-thumbnail","hentry","category-seguridad-publica"],"_links":{"self":[{"href":"https:\/\/www.interaccionnoticias.com.mx\/index.php?rest_route=\/wp\/v2\/posts\/40019","targetHints":{"allow":["GET"]}}],"collection":[{"href":"https:\/\/www.interaccionnoticias.com.mx\/index.php?rest_route=\/wp\/v2\/posts"}],"about":[{"href":"https:\/\/www.interaccionnoticias.com.mx\/index.php?rest_route=\/wp\/v2\/types\/post"}],"author":[{"embeddable":true,"href":"https:\/\/www.interaccionnoticias.com.mx\/index.php?rest_route=\/wp\/v2\/users\/21"}],"replies":[{"embeddable":true,"href":"https:\/\/www.interaccionnoticias.com.mx\/index.php?rest_route=%2Fwp%2Fv2%2Fcomments&post=40019"}],"version-history":[{"count":1,"href":"https:\/\/www.interaccionnoticias.com.mx\/index.php?rest_route=\/wp\/v2\/posts\/40019\/revisions"}],"predecessor-version":[{"id":40021,"href":"https:\/\/www.interaccionnoticias.com.mx\/index.php?rest_route=\/wp\/v2\/posts\/40019\/revisions\/40021"}],"wp:featuredmedia":[{"embeddable":true,"href":"https:\/\/www.interaccionnoticias.com.mx\/index.php?rest_route=\/wp\/v2\/media\/40020"}],"wp:attachment":[{"href":"https:\/\/www.interaccionnoticias.com.mx\/index.php?rest_route=%2Fwp%2Fv2%2Fmedia&parent=40019"}],"wp:term":[{"taxonomy":"category","embeddable":true,"href":"https:\/\/www.interaccionnoticias.com.mx\/index.php?rest_route=%2Fwp%2Fv2%2Fcategories&post=40019"},{"taxonomy":"post_tag","embeddable":true,"href":"https:\/\/www.interaccionnoticias.com.mx\/index.php?rest_route=%2Fwp%2Fv2%2Ftags&post=40019"}],"curies":[{"name":"wp","href":"https:\/\/api.w.org\/{rel}","templated":true}]}}