{"id":40012,"date":"2022-01-05T13:36:14","date_gmt":"2022-01-05T19:36:14","guid":{"rendered":"https:\/\/interaccionnoticias.com.mx\/?p=40012"},"modified":"2022-01-05T13:36:19","modified_gmt":"2022-01-05T19:36:19","slug":"pri-guerrero-exige-que-se-investigue-el-asesinato-de-su-tres-veces-candidato-a-la-alcaldia-de-tixtla","status":"publish","type":"post","link":"https:\/\/www.interaccionnoticias.com.mx\/?p=40012","title":{"rendered":"PRI-Guerrero exige que se investigue el asesinato de su tres veces candidato a la alcald\u00eda de Tixtla"},"content":{"rendered":"\n<p><strong><em>&#8211; H\u00e9ctor Apreza Patr\u00f3n manifiesta su solidaridad con la familia de Sa\u00fal Nava Astudillo<\/em><\/strong><\/p>\n\n\n\n<div class=\"wp-block-jetpack-slideshow aligncenter\" data-effect=\"slide\"><div class=\"wp-block-jetpack-slideshow_container swiper-container\"><ul class=\"wp-block-jetpack-slideshow_swiper-wrapper swiper-wrapper\"><li class=\"wp-block-jetpack-slideshow_slide swiper-slide\"><figure><img decoding=\"async\" src=\"data:image\/gif;base64,R0lGODlhAQABAIAAAAAAAP\/\/\/ywAAAAAAQABAAACAUwAOw==\" fifu-lazy=\"1\" fifu-data-sizes=\"auto\" fifu-data-srcset=\"https:\/\/i1.wp.com\/interaccionnoticias.com.mx\/wp-content\/uploads\/2022\/01\/220105-Saul-Nava-3-1024x683.jpeg?ssl=1&w=75&resize=75&ssl=1 75w, https:\/\/i1.wp.com\/interaccionnoticias.com.mx\/wp-content\/uploads\/2022\/01\/220105-Saul-Nava-3-1024x683.jpeg?ssl=1&w=100&resize=100&ssl=1 100w, https:\/\/i1.wp.com\/interaccionnoticias.com.mx\/wp-content\/uploads\/2022\/01\/220105-Saul-Nava-3-1024x683.jpeg?ssl=1&w=150&resize=150&ssl=1 150w, https:\/\/i1.wp.com\/interaccionnoticias.com.mx\/wp-content\/uploads\/2022\/01\/220105-Saul-Nava-3-1024x683.jpeg?ssl=1&w=240&resize=240&ssl=1 240w, https:\/\/i1.wp.com\/interaccionnoticias.com.mx\/wp-content\/uploads\/2022\/01\/220105-Saul-Nava-3-1024x683.jpeg?ssl=1&w=320&resize=320&ssl=1 320w, https:\/\/i1.wp.com\/interaccionnoticias.com.mx\/wp-content\/uploads\/2022\/01\/220105-Saul-Nava-3-1024x683.jpeg?ssl=1&w=500&resize=500&ssl=1 500w, https:\/\/i1.wp.com\/interaccionnoticias.com.mx\/wp-content\/uploads\/2022\/01\/220105-Saul-Nava-3-1024x683.jpeg?ssl=1&w=640&resize=640&ssl=1 640w, https:\/\/i1.wp.com\/interaccionnoticias.com.mx\/wp-content\/uploads\/2022\/01\/220105-Saul-Nava-3-1024x683.jpeg?ssl=1&w=800&resize=800&ssl=1 800w, https:\/\/i1.wp.com\/interaccionnoticias.com.mx\/wp-content\/uploads\/2022\/01\/220105-Saul-Nava-3-1024x683.jpeg?ssl=1&w=1024&resize=1024&ssl=1 1024w, https:\/\/i1.wp.com\/interaccionnoticias.com.mx\/wp-content\/uploads\/2022\/01\/220105-Saul-Nava-3-1024x683.jpeg?ssl=1&w=1280&resize=1280&ssl=1 1280w, https:\/\/i1.wp.com\/interaccionnoticias.com.mx\/wp-content\/uploads\/2022\/01\/220105-Saul-Nava-3-1024x683.jpeg?ssl=1&w=1600&resize=1600&ssl=1 1600w\" alt=\"\" class=\"wp-block-jetpack-slideshow_image wp-image-40014\" data-id=\"40014\" fifu-data-src=\"https:\/\/i1.wp.com\/interaccionnoticias.com.mx\/wp-content\/uploads\/2022\/01\/220105-Saul-Nava-3-1024x683.jpeg?ssl=1\"\/><\/figure><\/li><li class=\"wp-block-jetpack-slideshow_slide swiper-slide\"><figure><img decoding=\"async\" src=\"data:image\/gif;base64,R0lGODlhAQABAIAAAAAAAP\/\/\/ywAAAAAAQABAAACAUwAOw==\" fifu-lazy=\"1\" fifu-data-sizes=\"auto\" fifu-data-srcset=\"https:\/\/i1.wp.com\/interaccionnoticias.com.mx\/wp-content\/uploads\/2022\/01\/220105-Saul-Nava-2-1024x683.jpeg?ssl=1&w=75&resize=75&ssl=1 75w, https:\/\/i1.wp.com\/interaccionnoticias.com.mx\/wp-content\/uploads\/2022\/01\/220105-Saul-Nava-2-1024x683.jpeg?ssl=1&w=100&resize=100&ssl=1 100w, https:\/\/i1.wp.com\/interaccionnoticias.com.mx\/wp-content\/uploads\/2022\/01\/220105-Saul-Nava-2-1024x683.jpeg?ssl=1&w=150&resize=150&ssl=1 150w, https:\/\/i1.wp.com\/interaccionnoticias.com.mx\/wp-content\/uploads\/2022\/01\/220105-Saul-Nava-2-1024x683.jpeg?ssl=1&w=240&resize=240&ssl=1 240w, https:\/\/i1.wp.com\/interaccionnoticias.com.mx\/wp-content\/uploads\/2022\/01\/220105-Saul-Nava-2-1024x683.jpeg?ssl=1&w=320&resize=320&ssl=1 320w, https:\/\/i1.wp.com\/interaccionnoticias.com.mx\/wp-content\/uploads\/2022\/01\/220105-Saul-Nava-2-1024x683.jpeg?ssl=1&w=500&resize=500&ssl=1 500w, https:\/\/i1.wp.com\/interaccionnoticias.com.mx\/wp-content\/uploads\/2022\/01\/220105-Saul-Nava-2-1024x683.jpeg?ssl=1&w=640&resize=640&ssl=1 640w, https:\/\/i1.wp.com\/interaccionnoticias.com.mx\/wp-content\/uploads\/2022\/01\/220105-Saul-Nava-2-1024x683.jpeg?ssl=1&w=800&resize=800&ssl=1 800w, https:\/\/i1.wp.com\/interaccionnoticias.com.mx\/wp-content\/uploads\/2022\/01\/220105-Saul-Nava-2-1024x683.jpeg?ssl=1&w=1024&resize=1024&ssl=1 1024w, https:\/\/i1.wp.com\/interaccionnoticias.com.mx\/wp-content\/uploads\/2022\/01\/220105-Saul-Nava-2-1024x683.jpeg?ssl=1&w=1280&resize=1280&ssl=1 1280w, https:\/\/i1.wp.com\/interaccionnoticias.com.mx\/wp-content\/uploads\/2022\/01\/220105-Saul-Nava-2-1024x683.jpeg?ssl=1&w=1600&resize=1600&ssl=1 1600w\" alt=\"\" class=\"wp-block-jetpack-slideshow_image wp-image-40013\" data-id=\"40013\" fifu-data-src=\"https:\/\/i1.wp.com\/interaccionnoticias.com.mx\/wp-content\/uploads\/2022\/01\/220105-Saul-Nava-2-1024x683.jpeg?ssl=1\"\/><\/figure><\/li><\/ul><a class=\"wp-block-jetpack-slideshow_button-prev swiper-button-prev swiper-button-white\" role=\"button\"><\/a><a class=\"wp-block-jetpack-slideshow_button-next swiper-button-next swiper-button-white\" role=\"button\"><\/a><a aria-label=\"Pause Slideshow\" class=\"wp-block-jetpack-slideshow_button-pause\" role=\"button\"><\/a><div class=\"wp-block-jetpack-slideshow_pagination swiper-pagination swiper-pagination-white\"><\/div><\/div><\/div>\n\n\n\n<p><strong>Rogelio Agust\u00edn<\/strong><\/p>\n\n\n\n<p>El dirigente estatal del PRI, H\u00e9ctor Apreza Patr\u00f3n lament\u00f3 el asesinato cometido en contra de quien fuera tres veces candidato de su partido a la presidencia municipal de Tixtla, Sa\u00fal Nava Astudillo y exigi\u00f3 que las autoridades investiguen y esclarezcan el caso cuanto antes.<\/p>\n\n\n\n<p>Apreza Patr\u00f3n confirm\u00f3 que recibi\u00f3 la informaci\u00f3n del atentado a los pocos minutos de ocurrido, en la cabecera municipal de Tixtla, cuando acompa\u00f1aba el sepelio de un familiar cercano, que tambi\u00e9n era un reconocido militante del PRI.<\/p>\n\n\n\n<p>Dijo que la p\u00e9rdida material de Nava Astudillo es muy sensible, dada la amplia trayectoria que ten\u00eda como militante del tricolor, partido al que represent\u00f3 en tres elecciones por la presidencia municipal.<\/p>\n\n\n\n<p>Hizo un llamado a la Fiscal\u00eda General del Estado (FGE), a cargo de la Teniente Coronel Sandra Luz Salmer\u00f3n Valdovinos para que investiguen con diligencia y eficacia el crimen, de tal suerte que se pueda identificar, localizar y detener a los responsables.<\/p>\n\n\n\n<p>Manifest\u00f3 su solidaridad con la familia de Astudillo Nava, quien durante los \u00faltimos a\u00f1os tambi\u00e9n estaba dedicado a la actividad empresarial.<\/p>\n","protected":false},"excerpt":{"rendered":"<p>&#8211; H\u00e9ctor Apreza Patr\u00f3n manifiesta su solidaridad con la familia de Sa\u00fal Nava Astudillo Rogelio Agust\u00edn El dirigente estatal del PRI, H\u00e9ctor Apreza Patr\u00f3n lament\u00f3 el asesinato cometido en contra&hellip; <\/p>\n","protected":false},"author":21,"featured_media":40013,"comment_status":"open","ping_status":"open","sticky":false,"template":"","format":"standard","meta":{"fifu_image_url":"","fifu_image_alt":"","footnotes":""},"categories":[21],"tags":[],"class_list":["post-40012","post","type-post","status-publish","format-standard","has-post-thumbnail","hentry","category-politica"],"_links":{"self":[{"href":"https:\/\/www.interaccionnoticias.com.mx\/index.php?rest_route=\/wp\/v2\/posts\/40012","targetHints":{"allow":["GET"]}}],"collection":[{"href":"https:\/\/www.interaccionnoticias.com.mx\/index.php?rest_route=\/wp\/v2\/posts"}],"about":[{"href":"https:\/\/www.interaccionnoticias.com.mx\/index.php?rest_route=\/wp\/v2\/types\/post"}],"author":[{"embeddable":true,"href":"https:\/\/www.interaccionnoticias.com.mx\/index.php?rest_route=\/wp\/v2\/users\/21"}],"replies":[{"embeddable":true,"href":"https:\/\/www.interaccionnoticias.com.mx\/index.php?rest_route=%2Fwp%2Fv2%2Fcomments&post=40012"}],"version-history":[{"count":1,"href":"https:\/\/www.interaccionnoticias.com.mx\/index.php?rest_route=\/wp\/v2\/posts\/40012\/revisions"}],"predecessor-version":[{"id":40015,"href":"https:\/\/www.interaccionnoticias.com.mx\/index.php?rest_route=\/wp\/v2\/posts\/40012\/revisions\/40015"}],"wp:featuredmedia":[{"embeddable":true,"href":"https:\/\/www.interaccionnoticias.com.mx\/index.php?rest_route=\/wp\/v2\/media\/40013"}],"wp:attachment":[{"href":"https:\/\/www.interaccionnoticias.com.mx\/index.php?rest_route=%2Fwp%2Fv2%2Fmedia&parent=40012"}],"wp:term":[{"taxonomy":"category","embeddable":true,"href":"https:\/\/www.interaccionnoticias.com.mx\/index.php?rest_route=%2Fwp%2Fv2%2Fcategories&post=40012"},{"taxonomy":"post_tag","embeddable":true,"href":"https:\/\/www.interaccionnoticias.com.mx\/index.php?rest_route=%2Fwp%2Fv2%2Ftags&post=40012"}],"curies":[{"name":"wp","href":"https:\/\/api.w.org\/{rel}","templated":true}]}}