{"id":40009,"date":"2022-01-05T12:52:25","date_gmt":"2022-01-05T18:52:25","guid":{"rendered":"https:\/\/interaccionnoticias.com.mx\/?p=40009"},"modified":"2022-01-05T12:52:29","modified_gmt":"2022-01-05T18:52:29","slug":"matan-a-saul-nava-astudillo-tres-veces-candidato-del-pri-a-la-alcaldia-de-tixtla","status":"publish","type":"post","link":"https:\/\/www.interaccionnoticias.com.mx\/?p=40009","title":{"rendered":"Matan a Sa\u00fal Nava Astudillo, tres veces candidato del PRI a la alcald\u00eda de Tixtla"},"content":{"rendered":"\n<p><strong><em>&#8211; Acompa\u00f1aba el sepelio de un familiar<br>&#8211; Hay dos mujeres afectadas, una con herida de bala<\/em><\/strong><\/p>\n\n\n\n<p><strong>Rogelio Agust\u00edn<\/strong><\/p>\n\n\n\n<p>El tres veces candidato del PRI a la alcald\u00eda de Tixtla, Sa\u00fal Nava Astudillo fue asesinado a balazos en dicha ciudad ubicada en la regi\u00f3n Centro, cuando acompa\u00f1aba el sepelio de un familiar.<\/p>\n\n\n\n<p>El hecho se registr\u00f3 el mediod\u00eda de este mi\u00e9rcoles 5 de enero, cerca del pante\u00f3n municipal, cuando Nava Astudillo acompa\u00f1aba el cortejo f\u00fanebre de su t\u00edo, el se\u00f1or Vicente Astudillo Navarro.<\/p>\n\n\n\n<p>Sa\u00fal Nava fue candidato del PRI en tres ocasiones, la \u00faltima de ellas en 2018, sin que lograra capitalizar el triunfo en las urnas.<\/p>\n\n\n\n<p>Su t\u00edo, el se\u00f1or Vicente Navarro muri\u00f3 a ra\u00edz de complicaciones de salud, dejando una larga trayectoria como militante del tricolor.<\/p>\n\n\n\n<p>El ataque armado se registr\u00f3 sobre la calle Igualdad, por donde avanzaba el cortejo f\u00fanebre en direcci\u00f3n hacia el pante\u00f3n de la localidad.<\/p>\n\n\n\n<p>Nava Astudillo no estaba inmerso completamente en la actividad pol\u00edtica, pues se hab\u00eda dedicado de lleno a la actividad empresarial.<\/p>\n\n\n\n<p>La agresi\u00f3n afect\u00f3 a dos mujeres; una con herida de bala y otra al parecer con complicaciones card\u00edacas.<\/p>\n","protected":false},"excerpt":{"rendered":"<p>&#8211; Acompa\u00f1aba el sepelio de un familiar&#8211; Hay dos mujeres afectadas, una con herida de bala Rogelio Agust\u00edn El tres veces candidato del PRI a la alcald\u00eda de Tixtla, Sa\u00fal&hellip; <\/p>\n","protected":false},"author":21,"featured_media":40010,"comment_status":"open","ping_status":"open","sticky":false,"template":"","format":"standard","meta":{"fifu_image_url":"","fifu_image_alt":"","footnotes":""},"categories":[27],"tags":[],"class_list":["post-40009","post","type-post","status-publish","format-standard","has-post-thumbnail","hentry","category-seguridad-publica"],"_links":{"self":[{"href":"https:\/\/www.interaccionnoticias.com.mx\/index.php?rest_route=\/wp\/v2\/posts\/40009","targetHints":{"allow":["GET"]}}],"collection":[{"href":"https:\/\/www.interaccionnoticias.com.mx\/index.php?rest_route=\/wp\/v2\/posts"}],"about":[{"href":"https:\/\/www.interaccionnoticias.com.mx\/index.php?rest_route=\/wp\/v2\/types\/post"}],"author":[{"embeddable":true,"href":"https:\/\/www.interaccionnoticias.com.mx\/index.php?rest_route=\/wp\/v2\/users\/21"}],"replies":[{"embeddable":true,"href":"https:\/\/www.interaccionnoticias.com.mx\/index.php?rest_route=%2Fwp%2Fv2%2Fcomments&post=40009"}],"version-history":[{"count":1,"href":"https:\/\/www.interaccionnoticias.com.mx\/index.php?rest_route=\/wp\/v2\/posts\/40009\/revisions"}],"predecessor-version":[{"id":40011,"href":"https:\/\/www.interaccionnoticias.com.mx\/index.php?rest_route=\/wp\/v2\/posts\/40009\/revisions\/40011"}],"wp:featuredmedia":[{"embeddable":true,"href":"https:\/\/www.interaccionnoticias.com.mx\/index.php?rest_route=\/wp\/v2\/media\/40010"}],"wp:attachment":[{"href":"https:\/\/www.interaccionnoticias.com.mx\/index.php?rest_route=%2Fwp%2Fv2%2Fmedia&parent=40009"}],"wp:term":[{"taxonomy":"category","embeddable":true,"href":"https:\/\/www.interaccionnoticias.com.mx\/index.php?rest_route=%2Fwp%2Fv2%2Fcategories&post=40009"},{"taxonomy":"post_tag","embeddable":true,"href":"https:\/\/www.interaccionnoticias.com.mx\/index.php?rest_route=%2Fwp%2Fv2%2Ftags&post=40009"}],"curies":[{"name":"wp","href":"https:\/\/api.w.org\/{rel}","templated":true}]}}