{"id":39992,"date":"2022-01-05T11:33:10","date_gmt":"2022-01-05T17:33:10","guid":{"rendered":"https:\/\/interaccionnoticias.com.mx\/?p=39992"},"modified":"2022-01-05T11:33:14","modified_gmt":"2022-01-05T17:33:14","slug":"reporta-la-ssg-312-casos-activos-de-covid-19-en-guerrero","status":"publish","type":"post","link":"https:\/\/www.interaccionnoticias.com.mx\/?p=39992","title":{"rendered":"Reporta la SSG 312 casos activos de COVID-19 en Guerrero"},"content":{"rendered":"\n<p><em><strong>&#8211; Inicia la aplicaci\u00f3n de la segunda dosis de vacunaci\u00f3n a adolescentes del municipio de Acapulco, cuyos apellidos inicien con la letra A, B, C, D, E, F en la Unidad Deportiva Acapulco y en el Instituto Tecnol\u00f3gico de Acapulco<\/strong><\/em><\/p>\n\n\n\n<p><strong>Chilpancingo, Gro., 05 de enero 2022-<\/strong> La Secretar\u00eda de Salud Guerrero (SSG) inform\u00f3 que al corte del 04 de enero la entidad se mantiene en color verde del Sem\u00e1foro Epidemiol\u00f3gico con 312 casos activos de COVID-19, de los cuales 103 contagios y tres defunciones por esta causa se confirmaron en las \u00faltimas 24 horas.<\/p>\n\n\n\n<p>Desde el inicio de la pandemia, en Guerrero se acumulan 77,721 casos confirmados y 6,330 defunciones a causa de la pandemia, de acuerdo con el informe \u201cCOVID-19 Guerrero\u201d, que actualiza diariamente Salud estatal.<\/p>\n\n\n\n<p>Los 312 casos activos se concentran principalmente en los municipios de: Acapulco de Ju\u00e1rez, 118; Chilpancingo de los Bravo, 53; Iguala de la Independencia, 40; Taxco de Alarc\u00f3n, 40; Zihuatanejo de Azueta, 19; Coyuca de Catal\u00e1n, 6; Tlapa de Comonfort, 6; Pungarabato, 5; Ometepec, 4; y Chilapa de \u00c1lvarez, 3.<\/p>\n\n\n\n<p>El informe detalla que en las \u00faltimas 24 horas se confirmaron 103 nuevos contagios, de los cuales 25 corresponden a la estad\u00edstica del 04 de enero y 78 a diciembre.<\/p>\n\n\n\n<p>En el comparativo de casos confirmados por mes, destaca que en enero del 2021 se registraron 6,140 casos, mientras que en el transcurso del mismo mes en 2022 el registro es de 27 nuevos casos.<\/p>\n\n\n\n<p>En cuanto a hospitalizaci\u00f3n por COVID-19, hay 36 personas hospitalizadas, de las cuales 34 se encuentran en estado de salud grave y 2 intubadas.<\/p>\n\n\n\n<p>De las 6,330 defunciones acumuladas entre 2020 y 2022, el principal grupo de edad afectado es el de 65-69 a\u00f1os con 931 fallecimientos, seguido por el de 70-74 con 848, el de 60-64 con 824, el de 75-79 con 699, y el de 55-59 con 687 fallecimientos.<\/p>\n\n\n\n<p>De las 477 camas COVID habilitadas con ventilador para respiraci\u00f3n artificial en la entidad, se encuentran ocupadas 36, que representa el 8%, y de las 1017 camas para atenci\u00f3n m\u00e9dica general est\u00e1n ocupadas 589, el 58%.<\/p>\n\n\n\n<p>A nivel nacional, el porcentaje de ocupaci\u00f3n de camas COVID-19 es del 15%, mientras a nivel estatal es de 8%, inform\u00f3 la Secretar\u00eda de Salud Guerrero.<\/p>\n\n\n\n<p>Este mi\u00e9rcoles se aplicar\u00e1 la segunda dosis de vacunaci\u00f3n contra COVID-19 a los adolescentes de 15 a 17 a\u00f1os en Acapulco, a quienes sus apellidos inicien con la letra A, B, C, D, E, F en los puntos de vacunaci\u00f3n de la Unidad Deportiva Acapulco y en el Instituto Tecnol\u00f3gico de Acapulco.<\/p>\n","protected":false},"excerpt":{"rendered":"<p>&#8211; Inicia la aplicaci\u00f3n de la segunda dosis de vacunaci\u00f3n a adolescentes del municipio de Acapulco, cuyos apellidos inicien con la letra A, B, C, D, E, F en la&hellip; <\/p>\n","protected":false},"author":19,"featured_media":39993,"comment_status":"open","ping_status":"open","sticky":false,"template":"","format":"standard","meta":{"fifu_image_url":"","fifu_image_alt":"","footnotes":""},"categories":[3],"tags":[],"class_list":["post-39992","post","type-post","status-publish","format-standard","has-post-thumbnail","hentry","category-covid-19"],"_links":{"self":[{"href":"https:\/\/www.interaccionnoticias.com.mx\/index.php?rest_route=\/wp\/v2\/posts\/39992","targetHints":{"allow":["GET"]}}],"collection":[{"href":"https:\/\/www.interaccionnoticias.com.mx\/index.php?rest_route=\/wp\/v2\/posts"}],"about":[{"href":"https:\/\/www.interaccionnoticias.com.mx\/index.php?rest_route=\/wp\/v2\/types\/post"}],"author":[{"embeddable":true,"href":"https:\/\/www.interaccionnoticias.com.mx\/index.php?rest_route=\/wp\/v2\/users\/19"}],"replies":[{"embeddable":true,"href":"https:\/\/www.interaccionnoticias.com.mx\/index.php?rest_route=%2Fwp%2Fv2%2Fcomments&post=39992"}],"version-history":[{"count":1,"href":"https:\/\/www.interaccionnoticias.com.mx\/index.php?rest_route=\/wp\/v2\/posts\/39992\/revisions"}],"predecessor-version":[{"id":39994,"href":"https:\/\/www.interaccionnoticias.com.mx\/index.php?rest_route=\/wp\/v2\/posts\/39992\/revisions\/39994"}],"wp:featuredmedia":[{"embeddable":true,"href":"https:\/\/www.interaccionnoticias.com.mx\/index.php?rest_route=\/wp\/v2\/media\/39993"}],"wp:attachment":[{"href":"https:\/\/www.interaccionnoticias.com.mx\/index.php?rest_route=%2Fwp%2Fv2%2Fmedia&parent=39992"}],"wp:term":[{"taxonomy":"category","embeddable":true,"href":"https:\/\/www.interaccionnoticias.com.mx\/index.php?rest_route=%2Fwp%2Fv2%2Fcategories&post=39992"},{"taxonomy":"post_tag","embeddable":true,"href":"https:\/\/www.interaccionnoticias.com.mx\/index.php?rest_route=%2Fwp%2Fv2%2Ftags&post=39992"}],"curies":[{"name":"wp","href":"https:\/\/api.w.org\/{rel}","templated":true}]}}