{"id":39989,"date":"2022-01-05T08:38:19","date_gmt":"2022-01-05T14:38:19","guid":{"rendered":"https:\/\/interaccionnoticias.com.mx\/?p=39989"},"modified":"2022-01-05T08:38:24","modified_gmt":"2022-01-05T14:38:24","slug":"gobierno-de-evelyn-salgado-atiende-conflicto-agrario-de-alcozauca-y-metlatonoc","status":"publish","type":"post","link":"https:\/\/www.interaccionnoticias.com.mx\/?p=39989","title":{"rendered":"Gobierno de Evelyn Salgado atiende conflicto agrario de Alcozauca y Metlat\u00f3noc"},"content":{"rendered":"\n<p><strong><em>&#8211; Se reunir\u00e1n en Tlapa el jueves 6 de enero para firmar acuerdo de paz entre ambos municipios<\/em><\/strong><\/p>\n\n\n\n<p><strong>Chilpancingo, Gro., 5 de enero de 2022. &#8211;<\/strong> El secretario general de Gobierno Sa\u00fal L\u00f3pez Sollano y un grupo de trabajo, se reunir\u00e1n el pr\u00f3ximo jueves en Tlapa para firmar un acuerdo conciliatorio para terminar un conflicto agrario entre Metlatonoc y Alcozauca.<\/p>\n\n\n\n<p>Este acuerdo se deriv\u00f3 de una reuni\u00f3n que termin\u00f3 a altas horas de la noche de ayer martes en las oficinas de la SGG de esta ciudad, a la que acudieron el presidente municipal de Alcozauca de Guerrero, Sebasti\u00e1n Ort\u00edz Sayaz y de Metlat\u00f3noc, Idelfonso Montealegre V\u00e1zquez.<\/p>\n\n\n\n<p>Estos acuerdos forman parte del seguimiento a los trabajos de la Mesa de Coordinaci\u00f3n para la Construcci\u00f3n de Paz donde se analiza la incidencia delictiva y la conflictividad estatal; ah\u00ed se propuso establecer reuniones con los presidentes de ambos municipios que atraviesan por un conflicto agrario y el resultado es realizar una mesa de di\u00e1logo en Tlapa, donde acudir\u00e1n autoridades estatales encabezadas por L\u00f3pez Sollano y representantes de ambos municipios para realizar la firma de un acuerdo de paz.<\/p>\n\n\n\n<p>Con esta acci\u00f3n, se pretende sentar las bases para otros conflictos que enfrenta el estado, afirm\u00f3 el encargado de la pol\u00edtica interna estatal.<\/p>\n\n\n\n<p>A la reuni\u00f3n acudieron el Delegado de gobernaci\u00f3n, Juan Carlos Barrios Curti; el Subsecretario para Asuntos Agrarios, Daniel Cahua L\u00f3pez y el Director General de Gobernaci\u00f3n, Francisco Rodr\u00edguez Cisneros.<\/p>\n","protected":false},"excerpt":{"rendered":"<p>&#8211; Se reunir\u00e1n en Tlapa el jueves 6 de enero para firmar acuerdo de paz entre ambos municipios Chilpancingo, Gro., 5 de enero de 2022. &#8211; El secretario general de&hellip; <\/p>\n","protected":false},"author":19,"featured_media":39990,"comment_status":"open","ping_status":"open","sticky":false,"template":"","format":"standard","meta":{"fifu_image_url":"","fifu_image_alt":"","footnotes":""},"categories":[11],"tags":[],"class_list":["post-39989","post","type-post","status-publish","format-standard","has-post-thumbnail","hentry","category-guerrero"],"_links":{"self":[{"href":"https:\/\/www.interaccionnoticias.com.mx\/index.php?rest_route=\/wp\/v2\/posts\/39989","targetHints":{"allow":["GET"]}}],"collection":[{"href":"https:\/\/www.interaccionnoticias.com.mx\/index.php?rest_route=\/wp\/v2\/posts"}],"about":[{"href":"https:\/\/www.interaccionnoticias.com.mx\/index.php?rest_route=\/wp\/v2\/types\/post"}],"author":[{"embeddable":true,"href":"https:\/\/www.interaccionnoticias.com.mx\/index.php?rest_route=\/wp\/v2\/users\/19"}],"replies":[{"embeddable":true,"href":"https:\/\/www.interaccionnoticias.com.mx\/index.php?rest_route=%2Fwp%2Fv2%2Fcomments&post=39989"}],"version-history":[{"count":1,"href":"https:\/\/www.interaccionnoticias.com.mx\/index.php?rest_route=\/wp\/v2\/posts\/39989\/revisions"}],"predecessor-version":[{"id":39991,"href":"https:\/\/www.interaccionnoticias.com.mx\/index.php?rest_route=\/wp\/v2\/posts\/39989\/revisions\/39991"}],"wp:featuredmedia":[{"embeddable":true,"href":"https:\/\/www.interaccionnoticias.com.mx\/index.php?rest_route=\/wp\/v2\/media\/39990"}],"wp:attachment":[{"href":"https:\/\/www.interaccionnoticias.com.mx\/index.php?rest_route=%2Fwp%2Fv2%2Fmedia&parent=39989"}],"wp:term":[{"taxonomy":"category","embeddable":true,"href":"https:\/\/www.interaccionnoticias.com.mx\/index.php?rest_route=%2Fwp%2Fv2%2Fcategories&post=39989"},{"taxonomy":"post_tag","embeddable":true,"href":"https:\/\/www.interaccionnoticias.com.mx\/index.php?rest_route=%2Fwp%2Fv2%2Ftags&post=39989"}],"curies":[{"name":"wp","href":"https:\/\/api.w.org\/{rel}","templated":true}]}}