{"id":39986,"date":"2022-01-04T20:43:09","date_gmt":"2022-01-05T02:43:09","guid":{"rendered":"https:\/\/interaccionnoticias.com.mx\/?p=39986"},"modified":"2022-01-04T20:43:14","modified_gmt":"2022-01-05T02:43:14","slug":"desaparicion-de-poderes-el-grito-que-unifico-a-chilpancingo-hace-61-anos","status":"publish","type":"post","link":"https:\/\/www.interaccionnoticias.com.mx\/?p=39986","title":{"rendered":"\u201cDesaparici\u00f3n de poderes\u201d, el grito que unific\u00f3 a Chilpancingo hace 61 a\u00f1os"},"content":{"rendered":"\n<p><strong><em>&#8211; Relato de Iris Salmer\u00f3n, sobreviviente a la masacre de 1960 en la alameda Granados Maldonado<br>&#8211; De como se gest\u00f3 la desaparici\u00f3n de poderes y se interrumpi\u00f3 el mandato del general Ra\u00fal Caballero Aburto<br>&#8211; Manuel Buend\u00eda, el m\u00edtico director de La Prensa recibi\u00f3 las fotogaf\u00ecas incriminatorias<\/em><\/strong><\/p>\n\n\n\n<p><strong>Rogelio Agust\u00edn<\/strong><\/p>\n\n\n\n<p>Un paquete de fotograf\u00edas pegados al cuerpo de dos mujeres; las hermanas Iris y Eva Salmer\u00f3n Catal\u00e1n, fue determinante para que el 4 de enero de 1961, el Congreso de la Uni\u00f3n declarara la desaparici\u00f3n de poderes para el Estado de Guerrero, lo que represent\u00f3 la ca\u00edda del general Ra\u00fal Caballero Aburto, el \u00faltimo militar que gobern\u00f3 Guerrero.<\/p>\n\n\n\n<p>La tarde del martes 4 de enero, frente al edificio Docente, donde actualmente funcionan las preparatorias 1 y 9 de la UAGro, un grupo de sobrevivientes y acad\u00e9micos de la Universidad Aut\u00f3noma de Guerrero (UAGro) se reunieron para recordar que hace 61 a\u00f1os, el Congreso de la Uni\u00f3n declar\u00f3 la desaparici\u00f3n de poderes en esta entidad, a consecuencia de la masacre registrada el 30 de diciembre de 1960.<\/p>\n\n\n\n<p>En esos hechos, hasta el momento se reconoci\u00f3 de manera oficial la muerte de 19 personas, pero los sobrevivientes aseguran que en realidad las v\u00edctimas mortales fueron m\u00e1s.<\/p>\n\n\n\n<p>Ante una concurrencia muy reducida, Iris Salmer\u00f3n Catal\u00e1n, quien en aquel tiempo era estudiante del entonces Colegio del Estado, record\u00f3 que su hermana Eva era corresponsal del periodico La Prensa y tuvo la necesidad de trasladarse hasta la Ciudad de M\u00e9xico, para entregar las fotograf\u00edas que logro captar de los hechos.<\/p>\n\n\n\n<p>Ellas lograron trasladar un material sumamente importante hasta la capital del pa\u00eds, cuando Chilpancingo estaba completamente situad.<\/p>\n\n\n\n<p>Iris y Eva forman parte de una dinast\u00eda de por lo menos tres generaciones de fotografos, su abuelo es reconocido como el fotografo personal del general Emiliano Zapata.<\/p>\n\n\n\n<p>Ellas fueron parte de las familias que se sumaron al movimiento social de 1960, iniciado por estudiantes, pero abrazado por los sectores populares.<\/p>\n\n\n\n<p>\u201cMi madre fue la primer mujer que llev\u00f3 una olla de caf\u00e9 a los muchachos que reclamaban que el Colegio del Estado se convirtiera en una universidad aut\u00f3noma\u201d.<\/p>\n\n\n\n<p>El movimiento en su etapa m\u00e1s \u00e1lgida comenz\u00f3 a finales de octubre, a los estudiantes liderados por Jes\u00fas Araujo Hern\u00e1ndez se sumaron representantes de los barrios tradicionales y los pueblos aleda\u00f1os y se declar\u00f3 una huelga general.<\/p>\n\n\n\n<p>Fue entonces cuando el Gobierno del general Ra\u00fal Caballero Aburto decidi\u00f3 enfrentar al movimiento con la fuerza militar, de tal suerte que las movilizaciones comenzaron a ser objeto de represi\u00f3n, primero a golpes y despu\u00e9s a balazos y bayoneta calada.<\/p>\n\n\n\n<p><strong>La masacre<\/strong><\/p>\n\n\n\n<p>El d\u00eda de la masacre, Iris sali\u00f3 de su casa y camin\u00f3 rumbo a la alameda Granados Maldonado, punto central de la confromntaci\u00f3n sobre la calle Emiliano Zapata.<\/p>\n\n\n\n<p>Su hermana Eva, c\u00e1mara en mano camin\u00f3 de manera paralela, parapet\u00e1ndose entre los puestos del mercado central para evitar ser vista por los elementos de la fuerza militar, cuando ya se hab\u00eda desatado la agresi\u00f3n contra la multitud.<\/p>\n\n\n\n<p>\u201cCaminamos casi al mismo tiempo en la misma direcci\u00f3n pero en calles diferentes, yo no sab\u00eda como estaba ella, ignoraba si le hab\u00eda pasado algo, mi angustia se increment\u00f3 cuando frente a mi, un ni\u00f1o cay\u00f3 herido de muerte, impactado por una bala que pas\u00f3 muy cerca de mi cabeza\u201d, recuerda.<\/p>\n\n\n\n<p>Cuando pasaron los momentos m\u00e1s cruentos de la masacre, Iris y Eva se escurrieron entre las calles hacia su casa, donde contaban con cuarto oscuro, papel y qu\u00edmicos para realizar el revelado e impresi\u00f3n manual de las im\u00e1genes.<\/p>\n\n\n\n<p>En esos tiempos no hab\u00eda de otra manera, ten\u00edan que imprimir por su cuenta y llevar ellas mismas las fotos hasta la capital del pa\u00eds.<\/p>\n\n\n\n<p><strong>Salir de una ciudad sitiada<\/strong><\/p>\n\n\n\n<p>Salir de Chilpancingo el mismo d\u00eda de la masacre, cuando la ciudad estaba sitiada por elementos del Ej\u00e9rcito Mexicano y la Polic\u00eda Judicial, para las hermanas Salmer\u00f3n represent\u00f3 un reto que incluso, puso en peligro la vida o la libertad.<\/p>\n\n\n\n<p>Un chofer, integrante del movimiento acept\u00f3 llevarlas, ellas resolvieron pegar las fotograf\u00edas en sus cuerpos para que no se les detectara facilmente en caso de una revisi\u00f3n.<\/p>\n\n\n\n<p>Se subieron al vehiculo en el centro de la ciudad y avanzaron hacia la salida norte, en el \u00faltimo ret\u00e9n fueron detenidas, un agente de Tr\u00e1nsito las reconoci\u00f3, Iris recuerda que pens\u00f3 que ser\u00edan delatadas, porque en la ciudad se sab\u00eda que se dedicaban a la fotograf\u00eda.<\/p>\n\n\n\n<p>El oficial de Tr\u00e1nsito hizo una mueca, al paso del tiempo entiende que fue una expresi\u00f3n de solidaridad, levant\u00f3 la mirada y exclam\u00f3: \u201cestos pasan\u201d.<\/p>\n\n\n\n<p>El peque\u00f1o coche con las hermanas Salmer\u00f3n y las im\u00e1genes de la masacre salieron de la capital de Guerrero con direcci\u00f3n a la capital del pa\u00eds.<\/p>\n\n\n\n<p><strong>Manuel Buend\u00eda<\/strong><\/p>\n\n\n\n<p>Entrada la noche llegaron a la Ciudad de M\u00e9xico, donde fue el periodista Manuel Buend\u00eda, entonces director de La Prensa el que recibi\u00f3 las im\u00e1genes.<\/p>\n\n\n\n<p>La se\u00f1ora Iris recuerda que el periodista extendi\u00f3 las manos y les dijo: \u201cCon esta masacre se despide este a\u00f1o en el pa\u00eds\u201d.<\/p>\n\n\n\n<p>El encuentro fue muy breve, ellas dejaron el material con el texto correspondiente y decidieron regresar a Guerrero.<\/p>\n\n\n\n<p>Las mujeres y el chofer recordaron entonces que no hab\u00edan probado alimentos, por lo que pasaron a un restaurante ubicado sobre la carretera.<\/p>\n\n\n\n<p>Al entrar se dieron cuenta que el lugar estaba abarrotado por elementos del Ej\u00e9rcito Mexicano, Iris recuerda que los oficiales luc\u00edan cabizbajos, visiblemente abatidos an\u00edmicamente.<\/p>\n\n\n\n<p>\u00bfC\u00f3mo no iban a estarlo, si mataron a estudiantes y gente del pueblo? Exclama.<\/p>\n\n\n\n<p><strong>Desaparici\u00f3n de poderes<\/strong><\/p>\n\n\n\n<p>Pas\u00f3 el a\u00f1o nuevo, la Prensa public\u00f3 las im\u00e1genes y en el Congreso de la Uni\u00f3n se tuvo que retomar el caso.<\/p>\n\n\n\n<p>Iris recuerda el nombre de la diputada federal Macrina Rabad\u00e1n, quien estuvo pendiente de lo que pasaba en Guerrero antes y despu\u00e9s de las masacre.<\/p>\n\n\n\n<p>El mediod\u00eda del 4 de enero, Macrina llam\u00f3 por tel\u00e9fono a la casa de la familia Salmer\u00f3n, la emoci\u00f3n le permiti\u00f3 hilar apenas tres palabras que provocaron que la familia reventara: Desaparici\u00f3n de poderes\u201d.<\/p>\n\n\n\n<p>-\u00a1Desaparici\u00f3n de poderes!- gritaba mientras corr\u00eda sobre la calle Emiliano Zapata y alcanzaba despu\u00e9s la avenida Guerrero.<\/p>\n\n\n\n<p>-\u00a1Desaparici\u00f3n de poderes!- le contestaban desde las azoteas y las ventanas de las casas.<\/p>\n\n\n\n<p>Poco a poco retomar las calles que durante cuatro d\u00edas estuvieron ocupadas solamente por militares y polic\u00edas.<\/p>\n\n\n\n<p>Entrada la tarde una multitud se acerc\u00f3 al centro para rodear el Palacio de Gobierno, donde apresuradamente, casi en fila y resguardados por su personal de seguridad, el general Caballero Aburto y numerosos colaboradores abandonaban el antiguo Palacio de Gobierno.<\/p>\n\n\n\n<p>Esa misma tarde, el abogado Arturo Mart\u00ednez Adame fue nombrado gobernador interino y en su primer mensaje anunci\u00f3 la liberaci\u00f3n de todos los que hab\u00edan sobrevidido y encarcelados tras la embestida militar.<\/p>\n\n\n\n<p>Poco despu\u00e9s, se declarar\u00eda la conversi\u00f3n del Colegio del Estado en la Universidad Aut\u00f3noma de Guerrero (UAGro).<\/p>\n\n\n\n<p>A 61 a\u00f1os de distancia, los principales l\u00edderes del movimiento han muerto, entre ellos Jesus \u201cChucho\u201d Araujo y el doctor Pablo Sandoval Cruz.<\/p>\n\n\n\n<p>La se\u00f1ora Iris ha dejado escuchar un relato in\u00e9dito, animada por el inter\u00e9s de que ese pasaje de la historia prevalezca, temerosa de que el recuerdo de los ca\u00eddos se pierda en la bruma de la indiferencia.<\/p>\n","protected":false},"excerpt":{"rendered":"<p>&#8211; Relato de Iris Salmer\u00f3n, sobreviviente a la masacre de 1960 en la alameda Granados Maldonado&#8211; De como se gest\u00f3 la desaparici\u00f3n de poderes y se interrumpi\u00f3 el mandato del&hellip; <\/p>\n","protected":false},"author":21,"featured_media":39980,"comment_status":"open","ping_status":"open","sticky":false,"template":"","format":"standard","meta":{"fifu_image_url":"","fifu_image_alt":"","footnotes":""},"categories":[15],"tags":[],"class_list":["post-39986","post","type-post","status-publish","format-standard","has-post-thumbnail","hentry","category-movimientos-sociales"],"_links":{"self":[{"href":"https:\/\/www.interaccionnoticias.com.mx\/index.php?rest_route=\/wp\/v2\/posts\/39986","targetHints":{"allow":["GET"]}}],"collection":[{"href":"https:\/\/www.interaccionnoticias.com.mx\/index.php?rest_route=\/wp\/v2\/posts"}],"about":[{"href":"https:\/\/www.interaccionnoticias.com.mx\/index.php?rest_route=\/wp\/v2\/types\/post"}],"author":[{"embeddable":true,"href":"https:\/\/www.interaccionnoticias.com.mx\/index.php?rest_route=\/wp\/v2\/users\/21"}],"replies":[{"embeddable":true,"href":"https:\/\/www.interaccionnoticias.com.mx\/index.php?rest_route=%2Fwp%2Fv2%2Fcomments&post=39986"}],"version-history":[{"count":1,"href":"https:\/\/www.interaccionnoticias.com.mx\/index.php?rest_route=\/wp\/v2\/posts\/39986\/revisions"}],"predecessor-version":[{"id":39987,"href":"https:\/\/www.interaccionnoticias.com.mx\/index.php?rest_route=\/wp\/v2\/posts\/39986\/revisions\/39987"}],"wp:featuredmedia":[{"embeddable":true,"href":"https:\/\/www.interaccionnoticias.com.mx\/index.php?rest_route=\/wp\/v2\/media\/39980"}],"wp:attachment":[{"href":"https:\/\/www.interaccionnoticias.com.mx\/index.php?rest_route=%2Fwp%2Fv2%2Fmedia&parent=39986"}],"wp:term":[{"taxonomy":"category","embeddable":true,"href":"https:\/\/www.interaccionnoticias.com.mx\/index.php?rest_route=%2Fwp%2Fv2%2Fcategories&post=39986"},{"taxonomy":"post_tag","embeddable":true,"href":"https:\/\/www.interaccionnoticias.com.mx\/index.php?rest_route=%2Fwp%2Fv2%2Ftags&post=39986"}],"curies":[{"name":"wp","href":"https:\/\/api.w.org\/{rel}","templated":true}]}}