{"id":39977,"date":"2022-01-04T20:25:37","date_gmt":"2022-01-05T02:25:37","guid":{"rendered":"https:\/\/interaccionnoticias.com.mx\/?p=39977"},"modified":"2022-01-04T20:25:42","modified_gmt":"2022-01-05T02:25:42","slug":"sejuve-inicia-brigada-juvenil-playa-limpia","status":"publish","type":"post","link":"https:\/\/www.interaccionnoticias.com.mx\/?p=39977","title":{"rendered":"SEJUVE inicia Brigada Juvenil \u201cPlaya Limpia\u201d"},"content":{"rendered":"\n<p><strong><em>&#8211; Se impulsa a los j\u00f3venes como agentes transformadores como parte de las acciones emprendidas por la gobernadora Evelyn Salgado<\/em><\/strong><\/p>\n\n\n\n<p><strong>Florencio Villarreal, Gro; 04 de enero de 2022.-<\/strong> Con el fin de promover el cuidado del medio ambiente a trav\u00e9s de actividades de la limpieza y recuperaci\u00f3n de espacios p\u00fablicos con la participaci\u00f3n de las juventudes, la secretaria de la Juventud y la Ni\u00f1ez del estado de Guerrero, Jessica Maldonado Morales arranc\u00f3 la Brigada Juvenil, \u201cPlaya Limpia\u201d, en la Playa Pico del Monte, municipio de Florencio Villarreal, en la regi\u00f3n Costa Chica de Guerrero.<\/p>\n\n\n\n<p>Est\u00e1s acciones son parte de las actividades implementadas por la gobernadora Evelyn Salgado Pineda, para que los j\u00f3venes participen en el cuidado al medio ambiente en sus lugares de origen lo que permitir\u00e1 atender y rescatar los espacios p\u00fablicos en bien de la comunidad.<\/p>\n\n\n\n<p>Participaron j\u00f3venes de la Secretar\u00eda y j\u00f3venes originarios del municipio, conformando un grupo de aproximadamente 35 personas que recorrieron una extensi\u00f3n de 500 metros de playa, donde recogieron residuos inorg\u00e1nicos que sumaron un total de 210 kilogramos de basura.<\/p>\n\n\n\n<p>Esta actividad se realiz\u00f3 en colaboraci\u00f3n con el Ayuntamiento de Florencio Villareal a trav\u00e9s de diversas direcciones que participaron en la Brigada.<\/p>\n","protected":false},"excerpt":{"rendered":"<p>&#8211; Se impulsa a los j\u00f3venes como agentes transformadores como parte de las acciones emprendidas por la gobernadora Evelyn Salgado Florencio Villarreal, Gro; 04 de enero de 2022.- Con el&hellip; <\/p>\n","protected":false},"author":19,"featured_media":39979,"comment_status":"open","ping_status":"open","sticky":false,"template":"","format":"standard","meta":{"fifu_image_url":"","fifu_image_alt":"","footnotes":""},"categories":[11],"tags":[],"class_list":["post-39977","post","type-post","status-publish","format-standard","has-post-thumbnail","hentry","category-guerrero"],"_links":{"self":[{"href":"https:\/\/www.interaccionnoticias.com.mx\/index.php?rest_route=\/wp\/v2\/posts\/39977","targetHints":{"allow":["GET"]}}],"collection":[{"href":"https:\/\/www.interaccionnoticias.com.mx\/index.php?rest_route=\/wp\/v2\/posts"}],"about":[{"href":"https:\/\/www.interaccionnoticias.com.mx\/index.php?rest_route=\/wp\/v2\/types\/post"}],"author":[{"embeddable":true,"href":"https:\/\/www.interaccionnoticias.com.mx\/index.php?rest_route=\/wp\/v2\/users\/19"}],"replies":[{"embeddable":true,"href":"https:\/\/www.interaccionnoticias.com.mx\/index.php?rest_route=%2Fwp%2Fv2%2Fcomments&post=39977"}],"version-history":[{"count":1,"href":"https:\/\/www.interaccionnoticias.com.mx\/index.php?rest_route=\/wp\/v2\/posts\/39977\/revisions"}],"predecessor-version":[{"id":39981,"href":"https:\/\/www.interaccionnoticias.com.mx\/index.php?rest_route=\/wp\/v2\/posts\/39977\/revisions\/39981"}],"wp:featuredmedia":[{"embeddable":true,"href":"https:\/\/www.interaccionnoticias.com.mx\/index.php?rest_route=\/wp\/v2\/media\/39979"}],"wp:attachment":[{"href":"https:\/\/www.interaccionnoticias.com.mx\/index.php?rest_route=%2Fwp%2Fv2%2Fmedia&parent=39977"}],"wp:term":[{"taxonomy":"category","embeddable":true,"href":"https:\/\/www.interaccionnoticias.com.mx\/index.php?rest_route=%2Fwp%2Fv2%2Fcategories&post=39977"},{"taxonomy":"post_tag","embeddable":true,"href":"https:\/\/www.interaccionnoticias.com.mx\/index.php?rest_route=%2Fwp%2Fv2%2Ftags&post=39977"}],"curies":[{"name":"wp","href":"https:\/\/api.w.org\/{rel}","templated":true}]}}