{"id":39974,"date":"2022-01-04T17:35:43","date_gmt":"2022-01-04T23:35:43","guid":{"rendered":"https:\/\/interaccionnoticias.com.mx\/?p=39974"},"modified":"2022-01-04T17:35:48","modified_gmt":"2022-01-04T23:35:48","slug":"seg-y-uagro-desconocen-cuantas-escuelas-han-regresado-a-clases-presenciales","status":"publish","type":"post","link":"https:\/\/www.interaccionnoticias.com.mx\/?p=39974","title":{"rendered":"SEG y UAGro desconocen cuantas escuelas han regresado a clases presenciales"},"content":{"rendered":"\n<p><strong><em>&#8211; La disposici\u00f3n general es regresar a clases desde el 3 de enero, pero cada escuela puede tomar sus decisiones de manera aut\u00f3monoma<\/em><\/strong><\/p>\n\n\n\n<p><strong>Rogelio Agust\u00edn<\/strong><\/p>\n\n\n\n<p>Aunque oficialmente los tres niveles educativos debieron regresar a clases la ma\u00f1ana del lunes 3 de enero, hasta el momento no se tiene un dato de cuantos planteles han optado por mantenerse en el sistema hibrido para disminuir el riesgo de contagios de Covid-19.<\/p>\n\n\n\n<p>Marcial Rodr\u00edguez Salda\u00f1a, titular de la Secretar\u00eda de Educaci\u00f3n Guerrero (SEG), record\u00f3 que el lunes pasado, la gobernadora Evelyn Salgado Pineda puso en marcha las actividades escolares y con ello declaro finalizado el periodo vacacional de fin de a\u00f1o.&nbsp; &nbsp;<\/p>\n\n\n\n<p>Indic\u00f3 que durante las actividades del 3 de enero, hubo una participaci\u00f3n importante de padres de familia, maestros y directores.<\/p>\n\n\n\n<p>Incluso, se cont\u00f3 con representantes del Gobierno de la Rep\u00fablica.<\/p>\n\n\n\n<p>El llamado es a reanudar la actividad educativa en todos los niveles, sin que hasta el momento, nadie de manera abierta haya dado a conocer su resistencia para el regreso.<\/p>\n\n\n\n<p>Sin embargo, al ser cuestionado sobre el porcentaje de avance en cuanto al retorno a los planteles, Rodr\u00edguez Salda\u00f1a manifest\u00f3 que todav\u00eda no cuenta con un corte que le permita manejar un dato.<\/p>\n\n\n\n<p>\u201cSon m\u00e1s de 11 mil escuelas y no es posible tener todos los datos\u201d, se\u00f1al\u00f3 el funcionario.<\/p>\n\n\n\n<p>Indic\u00f3 que las autoridades de Guerrero se encuentran en una situaci\u00f3n de alerta permanente, para efecto de actuar de manera inmediata en cuanto la federaci\u00f3n emita alguna recomendaci\u00f3n, ante la posibilidad de que Guerrero se vea impactado por la variante Omicr\u00f3n del Covid-19.<\/p>\n\n\n\n<p>\u201cLa idea es tomar todas las acciones encaminadas a evitar cuslwuier contagio, nosotros acataremos cualquier disposicion\u201d, se\u00f1al\u00f3.<\/p>\n\n\n\n<p>En el caso de la Universidad Aut\u00f3noma de Guerrero (UAGro), instituci\u00f3n que tiene una matricula de 80 mil alumnos en el nivel medio superior y superior, se anota que oficialmente debieron regresar a clases el lunes 3 de enero.<\/p>\n\n\n\n<p>La administraci\u00f3n central, que encabeza Alfredo Romero Olea determin\u00f3 ce\u00f1irse a la disposici\u00f3n oficial, que es volver a clases de manera oficial desde el 3 de enero.<\/p>\n\n\n\n<p>Sin embargo, en cada unidad acad\u00e9mica de nivel medio superior o superior, existe la posibilidad de que maestros y estudiantes se reunan y tomen decisiones de manera aut\u00f3noma, para establecer si regresan a clases completamente de manera presencial, hibrida o en el sistema virtual.<\/p>\n\n\n\n<p>Al consultar con la oficina de comunicaci\u00f3n, se se\u00f1al\u00f3 que tampoco en la UAGro se tiene un corte informativo que permita dar a conocer cuantas escuelas han regresado completamente a las actividades acad\u00e9micas.<\/p>\n","protected":false},"excerpt":{"rendered":"<p>&#8211; La disposici\u00f3n general es regresar a clases desde el 3 de enero, pero cada escuela puede tomar sus decisiones de manera aut\u00f3monoma Rogelio Agust\u00edn Aunque oficialmente los tres niveles&hellip; <\/p>\n","protected":false},"author":21,"featured_media":39975,"comment_status":"open","ping_status":"open","sticky":false,"template":"","format":"standard","meta":{"fifu_image_url":"","fifu_image_alt":"","footnotes":""},"categories":[6],"tags":[],"class_list":["post-39974","post","type-post","status-publish","format-standard","has-post-thumbnail","hentry","category-educacion"],"_links":{"self":[{"href":"https:\/\/www.interaccionnoticias.com.mx\/index.php?rest_route=\/wp\/v2\/posts\/39974","targetHints":{"allow":["GET"]}}],"collection":[{"href":"https:\/\/www.interaccionnoticias.com.mx\/index.php?rest_route=\/wp\/v2\/posts"}],"about":[{"href":"https:\/\/www.interaccionnoticias.com.mx\/index.php?rest_route=\/wp\/v2\/types\/post"}],"author":[{"embeddable":true,"href":"https:\/\/www.interaccionnoticias.com.mx\/index.php?rest_route=\/wp\/v2\/users\/21"}],"replies":[{"embeddable":true,"href":"https:\/\/www.interaccionnoticias.com.mx\/index.php?rest_route=%2Fwp%2Fv2%2Fcomments&post=39974"}],"version-history":[{"count":1,"href":"https:\/\/www.interaccionnoticias.com.mx\/index.php?rest_route=\/wp\/v2\/posts\/39974\/revisions"}],"predecessor-version":[{"id":39976,"href":"https:\/\/www.interaccionnoticias.com.mx\/index.php?rest_route=\/wp\/v2\/posts\/39974\/revisions\/39976"}],"wp:featuredmedia":[{"embeddable":true,"href":"https:\/\/www.interaccionnoticias.com.mx\/index.php?rest_route=\/wp\/v2\/media\/39975"}],"wp:attachment":[{"href":"https:\/\/www.interaccionnoticias.com.mx\/index.php?rest_route=%2Fwp%2Fv2%2Fmedia&parent=39974"}],"wp:term":[{"taxonomy":"category","embeddable":true,"href":"https:\/\/www.interaccionnoticias.com.mx\/index.php?rest_route=%2Fwp%2Fv2%2Fcategories&post=39974"},{"taxonomy":"post_tag","embeddable":true,"href":"https:\/\/www.interaccionnoticias.com.mx\/index.php?rest_route=%2Fwp%2Fv2%2Ftags&post=39974"}],"curies":[{"name":"wp","href":"https:\/\/api.w.org\/{rel}","templated":true}]}}