{"id":39970,"date":"2022-01-04T16:41:43","date_gmt":"2022-01-04T22:41:43","guid":{"rendered":"https:\/\/interaccionnoticias.com.mx\/?p=39970"},"modified":"2022-01-04T16:41:52","modified_gmt":"2022-01-04T22:41:52","slug":"toma-protesta-nuevo-comandante-en-la-35-zona-militar","status":"publish","type":"post","link":"https:\/\/www.interaccionnoticias.com.mx\/?p=39970","title":{"rendered":"Toma protesta nuevo comandante en la 35 Zona Militar"},"content":{"rendered":"\n<p><strong><em>&#8211; Acude la gobernadora Evelyn Salgado Pineda para atestigiar el relevo de mandos<\/em><\/strong>\u00a0<\/p>\n\n\n\n<p><strong>Rosario Garc\u00eda Orozco\u00a0<\/strong><\/p>\n\n\n\n<p>La ma\u00f1ana del martes, el general de brigada, Enrique Mart\u00ednez L\u00f3pez tom\u00f3 protesta como nuevo comandante de la 35 Zona Militar, destacamentada en la capital del estado de Guerrero.<\/p>\n\n\n\n<p>La ceremonia se realiz\u00f3 en la explanada del 50 Batall\u00f3n de Infanter\u00eda, en donde el comandante de la IX Regi\u00f3n Militar, general Celestino Avila Astudillo encabez\u00f3 el acto protocolario.<\/p>\n\n\n\n<p>En el bolet\u00edn informativo emitido la tarde del 4 de enero, se destaca que la designaci\u00f3n del general Mart\u00ednez L\u00f3pez fue producto de una indicaci\u00f3n del presidente de la Rep\u00fablica, Andr\u00e9s Manuel L\u00f3pez Obrador.<\/p>\n\n\n\n<p>Al evento acudi\u00f3 la gopbernadora Evelyn Salgado Pineda, el secretario general de Gobierno, Sa\u00fal L\u00f3pez Sollano y el coordinador de la Guardia Nacional en el Estado de Guerrero, Lucio Vergara G\u00f3mez, entre otras personalidades.<\/p>\n\n\n\n<p>Durante su mensaje, la jefa del Ejecutivo local manifest\u00f3 que la determinaci\u00f3n de su administraci\u00f3n, es mantener la coordinaci\u00f3n que se lleva a cabo entre las instituciones de los tres niveles, que diariamente interact\u00faan en la Mesa Central para la Construcci\u00f3n de la Paz.<\/p>\n\n\n\n<p>El relevo en la 35 Zona Militar, se genera a tres meses de la llegada del&nbsp;&nbsp;nuevo Gobierno del Estado, as\u00ed como a menos de una semana de que se consumara el nombramiento de una nueva titular en la Fiscal\u00eda General del Estado (FGE), Sandra Luz Valdovinos Salmer\u00f3n, quien es maestra en Derecho y ostenta el grado de Teniente Coronel del Ej\u00e9rcito Mexicano.<\/p>\n","protected":false},"excerpt":{"rendered":"<p>&#8211; Acude la gobernadora Evelyn Salgado Pineda para atestigiar el relevo de mandos\u00a0 Rosario Garc\u00eda Orozco\u00a0 La ma\u00f1ana del martes, el general de brigada, Enrique Mart\u00ednez L\u00f3pez tom\u00f3 protesta como&hellip; <\/p>\n","protected":false},"author":14,"featured_media":39966,"comment_status":"open","ping_status":"open","sticky":false,"template":"","format":"standard","meta":{"fifu_image_url":"","fifu_image_alt":"","footnotes":""},"categories":[27],"tags":[],"class_list":["post-39970","post","type-post","status-publish","format-standard","has-post-thumbnail","hentry","category-seguridad-publica"],"_links":{"self":[{"href":"https:\/\/www.interaccionnoticias.com.mx\/index.php?rest_route=\/wp\/v2\/posts\/39970","targetHints":{"allow":["GET"]}}],"collection":[{"href":"https:\/\/www.interaccionnoticias.com.mx\/index.php?rest_route=\/wp\/v2\/posts"}],"about":[{"href":"https:\/\/www.interaccionnoticias.com.mx\/index.php?rest_route=\/wp\/v2\/types\/post"}],"author":[{"embeddable":true,"href":"https:\/\/www.interaccionnoticias.com.mx\/index.php?rest_route=\/wp\/v2\/users\/14"}],"replies":[{"embeddable":true,"href":"https:\/\/www.interaccionnoticias.com.mx\/index.php?rest_route=%2Fwp%2Fv2%2Fcomments&post=39970"}],"version-history":[{"count":1,"href":"https:\/\/www.interaccionnoticias.com.mx\/index.php?rest_route=\/wp\/v2\/posts\/39970\/revisions"}],"predecessor-version":[{"id":39971,"href":"https:\/\/www.interaccionnoticias.com.mx\/index.php?rest_route=\/wp\/v2\/posts\/39970\/revisions\/39971"}],"wp:featuredmedia":[{"embeddable":true,"href":"https:\/\/www.interaccionnoticias.com.mx\/index.php?rest_route=\/wp\/v2\/media\/39966"}],"wp:attachment":[{"href":"https:\/\/www.interaccionnoticias.com.mx\/index.php?rest_route=%2Fwp%2Fv2%2Fmedia&parent=39970"}],"wp:term":[{"taxonomy":"category","embeddable":true,"href":"https:\/\/www.interaccionnoticias.com.mx\/index.php?rest_route=%2Fwp%2Fv2%2Fcategories&post=39970"},{"taxonomy":"post_tag","embeddable":true,"href":"https:\/\/www.interaccionnoticias.com.mx\/index.php?rest_route=%2Fwp%2Fv2%2Ftags&post=39970"}],"curies":[{"name":"wp","href":"https:\/\/api.w.org\/{rel}","templated":true}]}}