{"id":39968,"date":"2022-01-04T16:35:40","date_gmt":"2022-01-04T22:35:40","guid":{"rendered":"https:\/\/interaccionnoticias.com.mx\/?p=39968"},"modified":"2022-01-04T16:35:45","modified_gmt":"2022-01-04T22:35:45","slug":"convoca-gobernadora-a-no-asistir-a-ferias-ni-eventos-masivos-que-no-cumplan-con-medidas-de-seguridad","status":"publish","type":"post","link":"https:\/\/www.interaccionnoticias.com.mx\/?p=39968","title":{"rendered":"Convoca gobernadora a no asistir a ferias ni eventos masivos que no cumplan con medidas de seguridad&nbsp;"},"content":{"rendered":"\n<p><strong><em>&#8211; Realiza llamado a padres de familia para que los menores acudan a las escuelas<\/em><\/strong><\/p>\n\n\n\n<p><strong>Jes\u00fas Dorantes<\/strong>\u00a0<\/p>\n\n\n\n<p><strong>Chilpancingo , Gro.-<\/strong> La gobernadora Evelyn Salgado Pineda realiz\u00f3 un llamado a la ciudadan\u00eda para no acudir, ni llevar a sus hijos a ferias o lugares donde se generen grandes aglomeraciones y que representen un riesgo de contagio de Covid-19.<\/p>\n\n\n\n<p>En las instalaciones de la 35 Zona Militar, la jefa del Ejecutivo local coment\u00f3 que se tiene confirmado que durante la jornada del 3 de enero, varios centros educativos de todo el estado y personal que labora en los mismos no retornaron a clases.<\/p>\n\n\n\n<p>Hizo un exhorto a la ciudadan\u00eda y los padres de familia para que no lleven a sus hijos ni acudan a eventos masivos o ferias, que representen un riesgo para la salud , ya que se tienen registros de la afluencia de ciudadanos en lugares de riesgo.<\/p>\n\n\n\n<p>Por el contrario, pidi\u00f3 que los lleven a las aulas donde previamente ya fueron sanitizados los espacios y se cuenta con el material necesario para mantenerlas libres de virus.<\/p>\n\n\n\n<p>El retorno a clases durante los dos primeros d\u00edas del 2022 fue catalogado por la titular del Poder Ejecutivo como \u00abPaulatino\u00bb.<\/p>\n\n\n\n<p>Al llamado del regreso a clases, se sum\u00f3 el secretario Educaci\u00f3n en el Estado, Marcial Rodr\u00edguez Salda\u00f1a, quien asegur\u00f3 que en las zonas rurales ya se tiene un regreso casi total que representa un 11% del total de instituciones en el estado, mientras que en las zonas urbanas el dato del regreso es de aproximadamente el 12 % de escuelas activas.<\/p>\n","protected":false},"excerpt":{"rendered":"<p>&#8211; Realiza llamado a padres de familia para que los menores acudan a las escuelas Jes\u00fas Dorantes\u00a0 Chilpancingo , Gro.- La gobernadora Evelyn Salgado Pineda realiz\u00f3 un llamado a la&hellip; <\/p>\n","protected":false},"author":8,"featured_media":39965,"comment_status":"open","ping_status":"open","sticky":false,"template":"","format":"standard","meta":{"fifu_image_url":"","fifu_image_alt":"","footnotes":""},"categories":[27],"tags":[],"class_list":["post-39968","post","type-post","status-publish","format-standard","has-post-thumbnail","hentry","category-seguridad-publica"],"_links":{"self":[{"href":"https:\/\/www.interaccionnoticias.com.mx\/index.php?rest_route=\/wp\/v2\/posts\/39968","targetHints":{"allow":["GET"]}}],"collection":[{"href":"https:\/\/www.interaccionnoticias.com.mx\/index.php?rest_route=\/wp\/v2\/posts"}],"about":[{"href":"https:\/\/www.interaccionnoticias.com.mx\/index.php?rest_route=\/wp\/v2\/types\/post"}],"author":[{"embeddable":true,"href":"https:\/\/www.interaccionnoticias.com.mx\/index.php?rest_route=\/wp\/v2\/users\/8"}],"replies":[{"embeddable":true,"href":"https:\/\/www.interaccionnoticias.com.mx\/index.php?rest_route=%2Fwp%2Fv2%2Fcomments&post=39968"}],"version-history":[{"count":1,"href":"https:\/\/www.interaccionnoticias.com.mx\/index.php?rest_route=\/wp\/v2\/posts\/39968\/revisions"}],"predecessor-version":[{"id":39969,"href":"https:\/\/www.interaccionnoticias.com.mx\/index.php?rest_route=\/wp\/v2\/posts\/39968\/revisions\/39969"}],"wp:featuredmedia":[{"embeddable":true,"href":"https:\/\/www.interaccionnoticias.com.mx\/index.php?rest_route=\/wp\/v2\/media\/39965"}],"wp:attachment":[{"href":"https:\/\/www.interaccionnoticias.com.mx\/index.php?rest_route=%2Fwp%2Fv2%2Fmedia&parent=39968"}],"wp:term":[{"taxonomy":"category","embeddable":true,"href":"https:\/\/www.interaccionnoticias.com.mx\/index.php?rest_route=%2Fwp%2Fv2%2Fcategories&post=39968"},{"taxonomy":"post_tag","embeddable":true,"href":"https:\/\/www.interaccionnoticias.com.mx\/index.php?rest_route=%2Fwp%2Fv2%2Ftags&post=39968"}],"curies":[{"name":"wp","href":"https:\/\/api.w.org\/{rel}","templated":true}]}}