{"id":39963,"date":"2022-01-04T16:28:31","date_gmt":"2022-01-04T22:28:31","guid":{"rendered":"https:\/\/interaccionnoticias.com.mx\/?p=39963"},"modified":"2022-01-04T16:28:36","modified_gmt":"2022-01-04T22:28:36","slug":"ssp-asegura-que-violencia-va-a-la-baja-en-chilpancingo","status":"publish","type":"post","link":"https:\/\/www.interaccionnoticias.com.mx\/?p=39963","title":{"rendered":"SSP asegura que violencia va a la baja en Chilpancingo"},"content":{"rendered":"\n<p><strong>Jes\u00fas Dorantes\u00a0<\/strong><\/p>\n\n\n\n<p><strong>Chilpancingo , Gro.-<\/strong> La violencia en la capital del estado se encuentra a la baja, asegur\u00f3 el secretario de Seguridad P\u00fablica en el Estado, Evelio M\u00e9ndez G\u00f3mez, quien afirm\u00f3 que varios casos que se han registrado en los \u00faltimos d\u00edas ya se encuentran bajo investigaci\u00f3n.<\/p>\n\n\n\n<p>El titular de la la Secretar\u00eda de Seguridad P\u00fablica (SSP) en Guerrero descart\u00f3 que exista una alza en la violencia en Chilpancingo, ya que se encuentra en el lugar 89 en las \u00faltimas estad\u00edsticas del Secretariado Ejecutivo Nacional, entre los municipio con mayor incidencia de homicidios dolosos.<\/p>\n\n\n\n<p>En lo que respecta a los homicidios e incendios que ocurrieron en las \u00faltimas semanas, refiri\u00f3 que son casos que ya est\u00e1n bajo investigaci\u00f3n de la Fiscal\u00eda y de Protecci\u00f3n Civil.<\/p>\n\n\n\n<p>A pregunta expresa, sobre el robo de veh\u00edculos en la capital, muchos de ellos a mano armada, afirm\u00f3 que incrementaron a nivel local&nbsp;&nbsp;pero que a nivel nacional se han reducido, por lo que podr\u00eda ser replanteada la estrategia para combatir dicho tipo de crimen<\/p>\n\n\n\n<p>Estas declaraciones se dan a escasas horas de que en la capital se registrara la muerte de dos hombres; uno de ellos por arma de fuego y otro m\u00e1s fue localizado descuartizado y en bolsas, situaci\u00f3n que gener\u00f3 mucha expectativa entre la sociedad.<\/p>\n","protected":false},"excerpt":{"rendered":"<p>Jes\u00fas Dorantes\u00a0 Chilpancingo , Gro.- La violencia en la capital del estado se encuentra a la baja, asegur\u00f3 el secretario de Seguridad P\u00fablica en el Estado, Evelio M\u00e9ndez G\u00f3mez, quien&hellip; <\/p>\n","protected":false},"author":8,"featured_media":39964,"comment_status":"open","ping_status":"open","sticky":false,"template":"","format":"standard","meta":{"fifu_image_url":"","fifu_image_alt":"","footnotes":""},"categories":[27],"tags":[],"class_list":["post-39963","post","type-post","status-publish","format-standard","has-post-thumbnail","hentry","category-seguridad-publica"],"_links":{"self":[{"href":"https:\/\/www.interaccionnoticias.com.mx\/index.php?rest_route=\/wp\/v2\/posts\/39963","targetHints":{"allow":["GET"]}}],"collection":[{"href":"https:\/\/www.interaccionnoticias.com.mx\/index.php?rest_route=\/wp\/v2\/posts"}],"about":[{"href":"https:\/\/www.interaccionnoticias.com.mx\/index.php?rest_route=\/wp\/v2\/types\/post"}],"author":[{"embeddable":true,"href":"https:\/\/www.interaccionnoticias.com.mx\/index.php?rest_route=\/wp\/v2\/users\/8"}],"replies":[{"embeddable":true,"href":"https:\/\/www.interaccionnoticias.com.mx\/index.php?rest_route=%2Fwp%2Fv2%2Fcomments&post=39963"}],"version-history":[{"count":1,"href":"https:\/\/www.interaccionnoticias.com.mx\/index.php?rest_route=\/wp\/v2\/posts\/39963\/revisions"}],"predecessor-version":[{"id":39967,"href":"https:\/\/www.interaccionnoticias.com.mx\/index.php?rest_route=\/wp\/v2\/posts\/39963\/revisions\/39967"}],"wp:featuredmedia":[{"embeddable":true,"href":"https:\/\/www.interaccionnoticias.com.mx\/index.php?rest_route=\/wp\/v2\/media\/39964"}],"wp:attachment":[{"href":"https:\/\/www.interaccionnoticias.com.mx\/index.php?rest_route=%2Fwp%2Fv2%2Fmedia&parent=39963"}],"wp:term":[{"taxonomy":"category","embeddable":true,"href":"https:\/\/www.interaccionnoticias.com.mx\/index.php?rest_route=%2Fwp%2Fv2%2Fcategories&post=39963"},{"taxonomy":"post_tag","embeddable":true,"href":"https:\/\/www.interaccionnoticias.com.mx\/index.php?rest_route=%2Fwp%2Fv2%2Ftags&post=39963"}],"curies":[{"name":"wp","href":"https:\/\/api.w.org\/{rel}","templated":true}]}}