{"id":39920,"date":"2022-01-03T16:50:04","date_gmt":"2022-01-03T22:50:04","guid":{"rendered":"https:\/\/interaccionnoticias.com.mx\/?p=39920"},"modified":"2022-01-03T16:50:08","modified_gmt":"2022-01-03T22:50:08","slug":"dar-oportunidad-a-la-fiscal-de-trabajar-pide-esp","status":"publish","type":"post","link":"https:\/\/www.interaccionnoticias.com.mx\/?p=39920","title":{"rendered":"Dar oportunidad a la fiscal de trabajar, pide ESP"},"content":{"rendered":"\n<p><strong><em>&#8211; Habr\u00e1 acceso a la justicia para mujeres<br>&#8211; Habr\u00e1 mesa de trabajo por toma de casetas por normalistas<\/em><\/strong><\/p>\n\n\n\n<p><strong>Javier Trujillo<\/strong><\/p>\n\n\n\n<p><strong>Acapulco, Gro.\u2013<\/strong> A quienes han manifestado su inconformidad tras la designaci\u00f3n como titular de la Fiscal\u00eda General del Estado, Sandra Luz Valdovinos Salmer\u00f3n, la gobernadora de Guerrero, Evelyn Salgado Pineda, pidi\u00f3 dar oportunidad para que demuestre su plan de trabajo.<\/p>\n\n\n\n<p>\u201cRespeto mucho la postura y sus declaraciones (del obispo Salvador Rangel), pero en el caso de la fiscal, yo creo que es una mujer muy preparada, con trayectoria limpia, y que no tiene nada que se le pueda se\u00f1alar.<\/p>\n\n\n\n<p>\u201cHay que darle la oportunidad, de que ella demuestre sus conocimientos, que demuestre cual es el plan de trabajo que trae para la fiscal\u00eda\u201d, dijo la mandataria estatal en gira de trabajo en Acapulco.<\/p>\n\n\n\n<p>Tambi\u00e9n mencion\u00f3 que habr\u00e1 un plan para beneficiar a las mujeres puedan presentar sus denuncias y tengan acceso a la justicia, adem\u00e1s de que se revisar\u00e1n los casos de f\u00e9minas, encarceladas injustamente.<\/p>\n\n\n\n<p>Insisti\u00f3 en el hecho de que sea mujer al frente de la fiscal\u00eda, tiene un compromiso mayor, en el sentido de que ser\u00e1 un doble compromiso.<\/p>\n\n\n\n<p>Salgado Pineda, se refiri\u00f3 al caso de los normalistas que tomaron en varias ocasiones las casetas de peaje de la Autopista del Sol, y se\u00f1al\u00f3 que habr\u00e1 de instalarse una mesa de trabajo y con las autoridades federales, para encontrar una soluci\u00f3n.<\/p>\n","protected":false},"excerpt":{"rendered":"<p>&#8211; Habr\u00e1 acceso a la justicia para mujeres&#8211; Habr\u00e1 mesa de trabajo por toma de casetas por normalistas Javier Trujillo Acapulco, Gro.\u2013 A quienes han manifestado su inconformidad tras la&hellip; <\/p>\n","protected":false},"author":3,"featured_media":39921,"comment_status":"open","ping_status":"open","sticky":false,"template":"","format":"standard","meta":{"fifu_image_url":"","fifu_image_alt":"","footnotes":""},"categories":[11],"tags":[],"class_list":["post-39920","post","type-post","status-publish","format-standard","has-post-thumbnail","hentry","category-guerrero"],"_links":{"self":[{"href":"https:\/\/www.interaccionnoticias.com.mx\/index.php?rest_route=\/wp\/v2\/posts\/39920","targetHints":{"allow":["GET"]}}],"collection":[{"href":"https:\/\/www.interaccionnoticias.com.mx\/index.php?rest_route=\/wp\/v2\/posts"}],"about":[{"href":"https:\/\/www.interaccionnoticias.com.mx\/index.php?rest_route=\/wp\/v2\/types\/post"}],"author":[{"embeddable":true,"href":"https:\/\/www.interaccionnoticias.com.mx\/index.php?rest_route=\/wp\/v2\/users\/3"}],"replies":[{"embeddable":true,"href":"https:\/\/www.interaccionnoticias.com.mx\/index.php?rest_route=%2Fwp%2Fv2%2Fcomments&post=39920"}],"version-history":[{"count":1,"href":"https:\/\/www.interaccionnoticias.com.mx\/index.php?rest_route=\/wp\/v2\/posts\/39920\/revisions"}],"predecessor-version":[{"id":39922,"href":"https:\/\/www.interaccionnoticias.com.mx\/index.php?rest_route=\/wp\/v2\/posts\/39920\/revisions\/39922"}],"wp:featuredmedia":[{"embeddable":true,"href":"https:\/\/www.interaccionnoticias.com.mx\/index.php?rest_route=\/wp\/v2\/media\/39921"}],"wp:attachment":[{"href":"https:\/\/www.interaccionnoticias.com.mx\/index.php?rest_route=%2Fwp%2Fv2%2Fmedia&parent=39920"}],"wp:term":[{"taxonomy":"category","embeddable":true,"href":"https:\/\/www.interaccionnoticias.com.mx\/index.php?rest_route=%2Fwp%2Fv2%2Fcategories&post=39920"},{"taxonomy":"post_tag","embeddable":true,"href":"https:\/\/www.interaccionnoticias.com.mx\/index.php?rest_route=%2Fwp%2Fv2%2Ftags&post=39920"}],"curies":[{"name":"wp","href":"https:\/\/api.w.org\/{rel}","templated":true}]}}