{"id":3992,"date":"2017-05-04T20:43:22","date_gmt":"2017-05-05T01:43:22","guid":{"rendered":"http:\/\/www.inter-accion.com.mx\/?p=3992"},"modified":"2017-05-04T20:43:22","modified_gmt":"2017-05-05T01:43:22","slug":"la-seguridad-es-prioridad-en-guerrero-afirma-el-gobernador-astudillo","status":"publish","type":"post","link":"https:\/\/www.interaccionnoticias.com.mx\/?p=3992","title":{"rendered":"La seguridad es prioridad en Guerrero, afirma el gobernador Astudillo"},"content":{"rendered":"<p>*Las polic\u00edas municipales no funcionan, se\u00f1ala el mandatario<br \/>\n&nbsp;<br \/>\n<strong>SNI, Acapulco, 04 de mayo.-<\/strong> La seguridad es un tema prioritario para el pa\u00eds y Guerrero, afirm\u00f3 el gobernador del estado, H\u00e9ctor Astudillo Flores, tras se\u00f1alar que los cuerpos de seguridad de los municipios no funcionan.<br \/>\nAl mismo tiempo deline\u00f3 las otras prioridades como definir la Ley de Seguridad Interior, el Mando \u00danico y mejorar el nuevo Sistema de Justicia Penal Acusatoria, al que llaman \u201cla puerta giratoria\u201d.<br \/>\nEl mandatario estatal dijo que los efectivos del Ej\u00e9rcito Mexicano, Armada de M\u00e9xico y Polic\u00eda Federal, realizan labores de polic\u00edas municipales, y alert\u00f3 que es necesario preparar mejores elementos de seguridad.<br \/>\n\u201cUna de las conclusiones a las que se lleg\u00f3 (en la Conago) es que es importante que se siga impulsando una serie de reformas que tiene que ver con el mejoramiento de la seguridad en los estados; uno de los temas es el que tiene que ver con la seguridad interior, que tiene que ver con la Secretar\u00eda de la Defensa Nacional, Marina y la Polic\u00eda Federal; definir el mando \u00fanico y el otro es mejorar lo que tiene que ver el nuevo Sistema Penal Acusatorio, le han llamado la puerta giratoria porque a los delincuentes los detienen, la puerta se da vuelta y salen\u201d, dijo con iron\u00eda.<br \/>\nAstudillo Flores, en conferencia de prensa tras haber asistido a la presentaci\u00f3n del Comit\u00e9 Ejecutivo de la Secci\u00f3n XIV del Sindicato Nacional de Trabajadores de la Educaci\u00f3n (SNTE) en Guerrero, remarc\u00f3 que la seguridad es un tema que est\u00e1 en todo el pa\u00eds y Guerrero por lo que es prioritario.<br \/>\nEn seguida alert\u00f3 que la ayuda de la federaci\u00f3n a trav\u00e9s de las corporaciones federales no es permanente sino temporal y entonces los gobernadores tendr\u00e1n la obligaci\u00f3n urgente de hacer mejores polic\u00edas.<br \/>\nTambi\u00e9n habl\u00f3 de las expectativas tur\u00edsticas y presumi\u00f3 que se tienen datos y cifras de lo que se ha vivido recientemente lo cual supera en forma estad\u00edstica los \u00faltimos diez a\u00f1os de manera muy positiva.<br \/>\n\u201cLos \u00faltimos meses han sido los mejores tiempos tur\u00edsticos desde hace diez a\u00f1os, ha sido muy positiva la ocupaci\u00f3n, y la visita de turistas no solo en Acapulco, Ixtapa-Zihuatanejo, y en algunos otros lados como es el caso de Taxco, fundamentalmente.<br \/>\n\u201cCreo que estamos viviendo una etapa en el tema tur\u00edstico muy importante, y yo espero que consecuentemente, aunque no est\u00e1 registrado, como un d\u00eda inh\u00e1bil en el calendario oficial, seguramente algunos (turistas) har\u00e1n un puentecito y ser\u00e1n bienvenidos todos a Guerrero\u201d, se\u00f1al\u00f3.<br \/>\nCuestionado sobre el planteamiento de un comisionado para Guerrero, respondi\u00f3 que a la politizaci\u00f3n del tema \u201cel gobernador no le va a entrar\u201d, en relaci\u00f3n a lo expresado por las dirigencias estatal y nacional del PRD.<\/p>\n","protected":false},"excerpt":{"rendered":"<p>*Las polic\u00edas municipales no funcionan, se\u00f1ala el mandatario &nbsp; SNI, Acapulco, 04 de mayo.- La seguridad es un tema prioritario para el pa\u00eds y Guerrero, afirm\u00f3 el gobernador del estado,&hellip; <\/p>\n","protected":false},"author":1,"featured_media":0,"comment_status":"open","ping_status":"open","sticky":false,"template":"","format":"standard","meta":{"fifu_image_url":"","fifu_image_alt":"","footnotes":""},"categories":[8,11],"tags":[],"class_list":["post-3992","post","type-post","status-publish","format-standard","hentry","category-featured","category-guerrero"],"_links":{"self":[{"href":"https:\/\/www.interaccionnoticias.com.mx\/index.php?rest_route=\/wp\/v2\/posts\/3992","targetHints":{"allow":["GET"]}}],"collection":[{"href":"https:\/\/www.interaccionnoticias.com.mx\/index.php?rest_route=\/wp\/v2\/posts"}],"about":[{"href":"https:\/\/www.interaccionnoticias.com.mx\/index.php?rest_route=\/wp\/v2\/types\/post"}],"author":[{"embeddable":true,"href":"https:\/\/www.interaccionnoticias.com.mx\/index.php?rest_route=\/wp\/v2\/users\/1"}],"replies":[{"embeddable":true,"href":"https:\/\/www.interaccionnoticias.com.mx\/index.php?rest_route=%2Fwp%2Fv2%2Fcomments&post=3992"}],"version-history":[{"count":0,"href":"https:\/\/www.interaccionnoticias.com.mx\/index.php?rest_route=\/wp\/v2\/posts\/3992\/revisions"}],"wp:attachment":[{"href":"https:\/\/www.interaccionnoticias.com.mx\/index.php?rest_route=%2Fwp%2Fv2%2Fmedia&parent=3992"}],"wp:term":[{"taxonomy":"category","embeddable":true,"href":"https:\/\/www.interaccionnoticias.com.mx\/index.php?rest_route=%2Fwp%2Fv2%2Fcategories&post=3992"},{"taxonomy":"post_tag","embeddable":true,"href":"https:\/\/www.interaccionnoticias.com.mx\/index.php?rest_route=%2Fwp%2Fv2%2Ftags&post=3992"}],"curies":[{"name":"wp","href":"https:\/\/api.w.org\/{rel}","templated":true}]}}