{"id":39911,"date":"2022-01-03T12:29:57","date_gmt":"2022-01-03T18:29:57","guid":{"rendered":"https:\/\/interaccionnoticias.com.mx\/?p=39911"},"modified":"2022-01-03T12:30:02","modified_gmt":"2022-01-03T18:30:02","slug":"con-una-clase-de-zumba-relanzan-la-plataforma-informativa-del-congreso-de-guerrero","status":"publish","type":"post","link":"https:\/\/www.interaccionnoticias.com.mx\/?p=39911","title":{"rendered":"Con una clase de zumba, relanzan la plataforma informativa del Congreso de Guerrero"},"content":{"rendered":"\n<p><strong><em>&#8211; La publicaci\u00f3n desata burlas y cuestionamientos al Poder Legislativo<br>&#8211; \u00abEl responsable soy yo:, dice el director de Comunicaci\u00f3n Social, Felipe P\u00e9rez<\/em><\/strong><\/p>\n\n\n\n<p><strong>Jes\u00fas Dorantes<\/strong><\/p>\n\n\n\n<p><strong>Chilpancingo , Gro .- <\/strong>Burlas y cuestionamientos sobre la labor del Congreso local y sus legisladores, desat\u00f3 una transmisi\u00f3n en los canales oficiales del Poder Legislativo la ma\u00f1ana del lunes, luego de que se difundiera una clase de Zumba con la fachada del edificio institucional de fondo.<\/p>\n\n\n\n<p>Desde la jornada del domingo 2 de diciembre, fue anunciada la transmisi\u00f3n previamente grabada con la leyenda \u201cActivate con Jos\u00e9 Moctezuma\u201d, pasadas las 09:00 horas del lunes, en lo que implicaba un relanzamiento de la plataforma oficial del Poder legislativo con contenidos m\u00e1s agradables para la poblaci\u00f3n.<\/p>\n\n\n\n<p>La transmisi\u00f3n comenz\u00f3 en el horario establecido, lo que de inmediato gener\u00f3 reacciones.<\/p>\n\n\n\n<p>En el material multimedia se puede apreciar al inicio un logo con la palabra \u201cActivate\u201d y bajo este, la leyenda \u201cCon Jos\u00e9 Enrique Moctezuma\u201d, tras 20 segundo de instrucci\u00f3n y un titubeo de la toma, se presenta el referido instructor de \u201cBravos Fitness\u201d.<\/p>\n\n\n\n<p>En la rutina de activaci\u00f3n f\u00edsica est\u00e1 acompa\u00f1o por dos j\u00f3venes que se encuentran a los costados.<\/p>\n\n\n\n<p>En el escenario que se utiliza de fondo se encuentra la entrada al recinto oficial del Congreso, la cual tiene grandes puertas de cristal y recientemente fue reforzada con rejas de metal para cerrar el acceso, ante la llegada furtiva de manifestantes.<\/p>\n\n\n\n<p>Luego de la transmisi\u00f3n del video, que dur\u00f3 49 minutos con 48 segundos, se hicieron presentes diferentes comentarios en la cuenta de Facebook oficial del poder legislativo, entre los que se pueden leer algunos como \u201cNo manches, ahora solo falta que los de Gym transmitan trabajo que deber\u00edan estar haciendo los congreso\u201d, &nbsp;\u201c\u00bfQu\u00e9 no tiene el Congreso leyes que aprobar\u201d , \u201c \u00bfDe quien fue la magnifica idea de transmitir esto a traves de la plataforma del Congreso?\u201d, en su mayor\u00eda acompa\u00f1adas por emojis con caras de sorpresa, sarcasmo y de decepci\u00f3n.<\/p>\n\n\n\n<p>Uno de los comentarios m\u00e1s extensos expone lo siguiente \u201c PAN y circo, Mientras&nbsp; en tierra caliente la delincuencia se apodera de la econom\u00eda y se convierte&nbsp; en autogobierno, en vez de endurecer las leyes y buscar el mecanismo de aplicaci\u00f3n&nbsp; de la misma, invierte&nbsp; dinero en este tipo de actividades\u201d<\/p>\n\n\n\n<p>El encargado de Comunicaci\u00f3n Social del Poder legislativo, Felipe P\u00e9rez Torres se comunic\u00f3 con este medio para afirmar que solo \u00e9l, nadie m\u00e1s que \u00e9l, es responsable del material que se publica en las redes, por lo que asum\u00eda el costo de los resultados positivos o negativos que genere la publicaci\u00f3n.<\/p>\n\n\n\n<p>Indic\u00f3 que se trata de un esfuerzo por diversificar los contenidos que ya tienen las plataformas del Congreso, por lo que pueden agradar a unos y no estar en el \u00e1nimo de otros.<\/p>\n\n\n\n<p>En todo caso, reiter\u00f3 que la responsabilidad de la elaboraci\u00f3n y contenidos difundidos es solamente suya.<\/p>\n","protected":false},"excerpt":{"rendered":"<p>&#8211; La publicaci\u00f3n desata burlas y cuestionamientos al Poder Legislativo&#8211; \u00abEl responsable soy yo:, dice el director de Comunicaci\u00f3n Social, Felipe P\u00e9rez Jes\u00fas Dorantes Chilpancingo , Gro .- Burlas y&hellip; <\/p>\n","protected":false},"author":8,"featured_media":39912,"comment_status":"open","ping_status":"open","sticky":false,"template":"","format":"standard","meta":{"fifu_image_url":"","fifu_image_alt":"","footnotes":""},"categories":[2],"tags":[],"class_list":["post-39911","post","type-post","status-publish","format-standard","has-post-thumbnail","hentry","category-congreso"],"_links":{"self":[{"href":"https:\/\/www.interaccionnoticias.com.mx\/index.php?rest_route=\/wp\/v2\/posts\/39911","targetHints":{"allow":["GET"]}}],"collection":[{"href":"https:\/\/www.interaccionnoticias.com.mx\/index.php?rest_route=\/wp\/v2\/posts"}],"about":[{"href":"https:\/\/www.interaccionnoticias.com.mx\/index.php?rest_route=\/wp\/v2\/types\/post"}],"author":[{"embeddable":true,"href":"https:\/\/www.interaccionnoticias.com.mx\/index.php?rest_route=\/wp\/v2\/users\/8"}],"replies":[{"embeddable":true,"href":"https:\/\/www.interaccionnoticias.com.mx\/index.php?rest_route=%2Fwp%2Fv2%2Fcomments&post=39911"}],"version-history":[{"count":1,"href":"https:\/\/www.interaccionnoticias.com.mx\/index.php?rest_route=\/wp\/v2\/posts\/39911\/revisions"}],"predecessor-version":[{"id":39913,"href":"https:\/\/www.interaccionnoticias.com.mx\/index.php?rest_route=\/wp\/v2\/posts\/39911\/revisions\/39913"}],"wp:featuredmedia":[{"embeddable":true,"href":"https:\/\/www.interaccionnoticias.com.mx\/index.php?rest_route=\/wp\/v2\/media\/39912"}],"wp:attachment":[{"href":"https:\/\/www.interaccionnoticias.com.mx\/index.php?rest_route=%2Fwp%2Fv2%2Fmedia&parent=39911"}],"wp:term":[{"taxonomy":"category","embeddable":true,"href":"https:\/\/www.interaccionnoticias.com.mx\/index.php?rest_route=%2Fwp%2Fv2%2Fcategories&post=39911"},{"taxonomy":"post_tag","embeddable":true,"href":"https:\/\/www.interaccionnoticias.com.mx\/index.php?rest_route=%2Fwp%2Fv2%2Ftags&post=39911"}],"curies":[{"name":"wp","href":"https:\/\/api.w.org\/{rel}","templated":true}]}}