{"id":39869,"date":"2022-01-02T11:40:42","date_gmt":"2022-01-02T17:40:42","guid":{"rendered":"https:\/\/interaccionnoticias.com.mx\/?p=39869"},"modified":"2022-01-02T18:13:31","modified_gmt":"2022-01-03T00:13:31","slug":"tres-muertos-y-nueve-heridos-en-el-primer-accidente-registrado-en-chilpancingo-durante-el-ano-nuevo","status":"publish","type":"post","link":"https:\/\/www.interaccionnoticias.com.mx\/?p=39869","title":{"rendered":"Tres muertos y nueve heridos, en el primer accidente registrado en Chilpancingo durante el a\u00f1o nuevo"},"content":{"rendered":"\n<p><strong><em>&#8211; Las victimas son padre, madre y la hija, viajar\u00edan de la capital del Estado al puerto de Acapulco<\/em><\/strong><\/p>\n\n\n\n<p><strong>Rogelio Agust\u00edn<\/strong><\/p>\n\n\n\n<p>El primer accidente de 2022 en la capital de Guerrero dej\u00f3 el saldo de tres integrantes de una familia muertos, un hombre y dos mujeres que se dispon\u00edan a realizar un viaje de esparcimiento hacia el puerto de Acapulco.<\/p>\n\n\n\n<p>La ma\u00f1ana del s\u00e1bado 1 de enero se report\u00f3 que una urvan del transporte p\u00fablico, correspondiente a la ruta centro-mercado-fraccionamiento R\u00edo Azul, se hab\u00eda precipitado hac\u00eda una ladera en la colonia San Rafael Oriente, con direcci\u00f3n hacia el centro.<\/p>\n\n\n\n<p>De acuerdo con la primera informaci\u00f3n, la urvan se qued\u00f3 sin frenos y su conductor perdi\u00f3 el control de la misma, el saldo inicial fue de dos personas muertas y una herida.<\/p>\n\n\n\n<p>En el impacto se consign\u00f3 que murieron el se\u00f1or Liberio \u201cN\u201d, de 62 a\u00f1os de edad y su hija Nayeli \u201cN\u201d de 40, en tanto que la esposa del se\u00f1or Liberio y madre de Nayelo, \u201cBertha \u201cN\u201d fue retirada del lugar con heridas de gravedad.<\/p>\n\n\n\n<p>La tercera v\u00edctima mortal del percance, as\u00ed como integrante de la familia muri\u00f3 entrada la noche a causa de la gravedad de las lesiones.<\/p>\n\n\n\n<p>Hay nueve personas m\u00e1s que resultaron lesionadas, entre ellas una menor de 10 a\u00f1os de edad, la mayor\u00eda son familiares que de manera inicial fueron auxiliados por varios vecinos de la zona, que acudieron al punto en cuanto se percataron del accidente.<\/p>\n\n\n\n<p>De acuerdo con la informaci\u00f3n que se ha generado en las \u00faltimas horas sobre el hecho, se conoci\u00f3 que la urvan afectada era la 618 de la ruta centro-mercado-fraccionamiento R\u00edo Azul, misma que hab\u00eda sido rentada para realizar un viaje especial hacia el puerto de Acapulco, el chofer les fue asignado para realizar el traslado y regresarlos a la capital del estado.<\/p>\n\n\n\n<p>La urvan era conducida sobre la avenida principal de la colonia San Rafael Oriente cuando registr\u00f3 la falla en los frenos, el impacto inicial se gener\u00f3 contra una barda perimetral y de ah\u00ed se volc\u00f3 hacia un lote bald\u00edo, ubicado en una pendiente, hasta donde varios vecinos de la zona acudieron a prestar el apoyo al grupo de personas afectadas, posteriormente llegaron diferentes cuerpos de auxilio, corporaciones policiacas y la Fiscal\u00eda General del Estado (FGE).<\/p>\n","protected":false},"excerpt":{"rendered":"<p>&#8211; Las victimas son padre, madre y la hija, viajar\u00edan de la capital del Estado al puerto de Acapulco Rogelio Agust\u00edn El primer accidente de 2022 en la capital de&hellip; <\/p>\n","protected":false},"author":21,"featured_media":39881,"comment_status":"open","ping_status":"open","sticky":false,"template":"","format":"standard","meta":{"fifu_image_url":"","fifu_image_alt":"","footnotes":""},"categories":[27],"tags":[],"class_list":["post-39869","post","type-post","status-publish","format-standard","has-post-thumbnail","hentry","category-seguridad-publica"],"_links":{"self":[{"href":"https:\/\/www.interaccionnoticias.com.mx\/index.php?rest_route=\/wp\/v2\/posts\/39869","targetHints":{"allow":["GET"]}}],"collection":[{"href":"https:\/\/www.interaccionnoticias.com.mx\/index.php?rest_route=\/wp\/v2\/posts"}],"about":[{"href":"https:\/\/www.interaccionnoticias.com.mx\/index.php?rest_route=\/wp\/v2\/types\/post"}],"author":[{"embeddable":true,"href":"https:\/\/www.interaccionnoticias.com.mx\/index.php?rest_route=\/wp\/v2\/users\/21"}],"replies":[{"embeddable":true,"href":"https:\/\/www.interaccionnoticias.com.mx\/index.php?rest_route=%2Fwp%2Fv2%2Fcomments&post=39869"}],"version-history":[{"count":1,"href":"https:\/\/www.interaccionnoticias.com.mx\/index.php?rest_route=\/wp\/v2\/posts\/39869\/revisions"}],"predecessor-version":[{"id":39871,"href":"https:\/\/www.interaccionnoticias.com.mx\/index.php?rest_route=\/wp\/v2\/posts\/39869\/revisions\/39871"}],"wp:featuredmedia":[{"embeddable":true,"href":"https:\/\/www.interaccionnoticias.com.mx\/index.php?rest_route=\/wp\/v2\/media\/39881"}],"wp:attachment":[{"href":"https:\/\/www.interaccionnoticias.com.mx\/index.php?rest_route=%2Fwp%2Fv2%2Fmedia&parent=39869"}],"wp:term":[{"taxonomy":"category","embeddable":true,"href":"https:\/\/www.interaccionnoticias.com.mx\/index.php?rest_route=%2Fwp%2Fv2%2Fcategories&post=39869"},{"taxonomy":"post_tag","embeddable":true,"href":"https:\/\/www.interaccionnoticias.com.mx\/index.php?rest_route=%2Fwp%2Fv2%2Ftags&post=39869"}],"curies":[{"name":"wp","href":"https:\/\/api.w.org\/{rel}","templated":true}]}}