{"id":39856,"date":"2021-12-31T17:25:19","date_gmt":"2021-12-31T23:25:19","guid":{"rendered":"https:\/\/interaccionnoticias.com.mx\/?p=39856"},"modified":"2022-01-01T21:02:03","modified_gmt":"2022-01-02T03:02:03","slug":"felix-salgado-los-diputados-dieron-catedra-al-aprobar-el-presupuesto-2022","status":"publish","type":"post","link":"https:\/\/www.interaccionnoticias.com.mx\/?p=39856","title":{"rendered":"F\u00e9lix Salgado: \u00abLos diputados dieron c\u00e1tedra\u00bb al aprobar el presupuesto 2022"},"content":{"rendered":"\n<p><strong>Rogelio Agust\u00edn<\/strong><\/p>\n\n\n\n<p>Pese a los se\u00f1alamientos hechos por la fracci\u00f3n parlamentaria del PRD, el senador F\u00e9lix Salgado Macedonio consider\u00f3 que los diputados de Guerrero \u00abdieron una verdadera c\u00e1tedra parlamentaria\u00bb al aprobar el presupuesto de egresos 2022.<\/p>\n\n\n\n<p>En sus redes sociales, el senador Salgado Macedonio se refiri\u00f3 a la sesi\u00f3n que termin\u00f3 alrededor de las 03:00 horas de este viernes 31 de diciembre.<\/p>\n\n\n\n<p>\u00abEl Congreso local acaba de aprobar por unanimidad (44 votos a favor, cero en contra y cero abstenciones) el presupuesto de egresos e ingresos del gobierno de Evelyn Salgado Pineda\u00bb.&nbsp;<\/p>\n\n\n\n<p>Contin\u00faa: \u00abDieron una verdadera c\u00e1tedra legislativa. Vuelvo a reconocer en ellas y ellos su gran compromiso por la 4T en Guerrero\u00bb.<\/p>\n\n\n\n<p>Luego dirige un abrazo a todos los diputados y felicita al pueblo de Guerrero.&nbsp;<\/p>\n\n\n\n<p>Ya en el cierre del mensaje manifiesta su deseo de que&nbsp;&nbsp;todos los seguidores de sus redes sociales tengan \u00abun feliz a\u00f1o 2022, lleno de salud, amor y \u00e9xito\u00bb.<\/p>\n\n\n\n<p>La madrugada del viernes 31, la fracci\u00f3n parlamentaria del PRD denunci\u00f3 que el presupuesto no se elabor\u00f3 en el Congreso y que por falta de planeaci\u00f3n, ser\u00e1 causa de protestas sociales en el transcurso del a\u00f1o.<\/p>\n","protected":false},"excerpt":{"rendered":"<p>Rogelio Agust\u00edn Pese a los se\u00f1alamientos hechos por la fracci\u00f3n parlamentaria del PRD, el senador F\u00e9lix Salgado Macedonio consider\u00f3 que los diputados de Guerrero \u00abdieron una verdadera c\u00e1tedra parlamentaria\u00bb al&hellip; <\/p>\n","protected":false},"author":21,"featured_media":39857,"comment_status":"open","ping_status":"open","sticky":false,"template":"","format":"standard","meta":{"fifu_image_url":"","fifu_image_alt":"","footnotes":""},"categories":[21],"tags":[],"class_list":["post-39856","post","type-post","status-publish","format-standard","has-post-thumbnail","hentry","category-politica"],"_links":{"self":[{"href":"https:\/\/www.interaccionnoticias.com.mx\/index.php?rest_route=\/wp\/v2\/posts\/39856","targetHints":{"allow":["GET"]}}],"collection":[{"href":"https:\/\/www.interaccionnoticias.com.mx\/index.php?rest_route=\/wp\/v2\/posts"}],"about":[{"href":"https:\/\/www.interaccionnoticias.com.mx\/index.php?rest_route=\/wp\/v2\/types\/post"}],"author":[{"embeddable":true,"href":"https:\/\/www.interaccionnoticias.com.mx\/index.php?rest_route=\/wp\/v2\/users\/21"}],"replies":[{"embeddable":true,"href":"https:\/\/www.interaccionnoticias.com.mx\/index.php?rest_route=%2Fwp%2Fv2%2Fcomments&post=39856"}],"version-history":[{"count":1,"href":"https:\/\/www.interaccionnoticias.com.mx\/index.php?rest_route=\/wp\/v2\/posts\/39856\/revisions"}],"predecessor-version":[{"id":39858,"href":"https:\/\/www.interaccionnoticias.com.mx\/index.php?rest_route=\/wp\/v2\/posts\/39856\/revisions\/39858"}],"wp:featuredmedia":[{"embeddable":true,"href":"https:\/\/www.interaccionnoticias.com.mx\/index.php?rest_route=\/wp\/v2\/media\/39857"}],"wp:attachment":[{"href":"https:\/\/www.interaccionnoticias.com.mx\/index.php?rest_route=%2Fwp%2Fv2%2Fmedia&parent=39856"}],"wp:term":[{"taxonomy":"category","embeddable":true,"href":"https:\/\/www.interaccionnoticias.com.mx\/index.php?rest_route=%2Fwp%2Fv2%2Fcategories&post=39856"},{"taxonomy":"post_tag","embeddable":true,"href":"https:\/\/www.interaccionnoticias.com.mx\/index.php?rest_route=%2Fwp%2Fv2%2Ftags&post=39856"}],"curies":[{"name":"wp","href":"https:\/\/api.w.org\/{rel}","templated":true}]}}