{"id":39844,"date":"2021-12-30T21:56:25","date_gmt":"2021-12-31T03:56:25","guid":{"rendered":"https:\/\/interaccionnoticias.com.mx\/?p=39844"},"modified":"2021-12-30T21:56:30","modified_gmt":"2021-12-31T03:56:30","slug":"juan-luquin-el-sobreviviente-que-vio-morir-a-su-madre-en-la-masacre-de-1960","status":"publish","type":"post","link":"https:\/\/www.interaccionnoticias.com.mx\/?p=39844","title":{"rendered":"Juan Luqu\u00edn, el sobreviviente que vio morir a su madre, en la masacre de 1960"},"content":{"rendered":"\n<p><em><strong>&#8211; Los militares tra\u00edan la bayoneta calada, recuerda el acad\u00e9mica de la UAGro<\/strong><\/em><\/p>\n\n\n\n<p><strong>Rogelio Agust\u00edn<\/strong><\/p>\n\n\n\n<p>Juan Luqu\u00edn L\u00f3pez sobrevivi\u00f3 a la masacre desatada por elementos del Ej\u00e9rcito Nacional, el 30 de diciembre de 1960 en la alameda Granados Maldonado, ese mismo d\u00eda, vio como su madre era asesinada por elementos del Ej\u00e9rcito Mexicano.<\/p>\n\n\n\n<p>Juan Luqu\u00edn tiene ahora 80 a\u00f1os de edad, el recuerdo que se remonta 61 a\u00f1os atr\u00e1s permanece vivo, es amargo, aunque en \u00e9l est\u00e1n contenidas las \u00faltimas palabras de la mujer que lo trajo al mundo, la que para mantenerlo a salvo, puso el \u00fanico obstaculo que ten\u00eda para frenar el impacto de una bala, su cuerpo.<\/p>\n\n\n\n<p>Juan estudiaba el nivel medio superior en la vocacional del entonces Colegio del Estado, se sum\u00f3 al movimiento que lideraban figuras como Jes\u00fas Araujo Hern\u00e1ndez y el doctor Pablo Sandoval Cruz, cautivado por el sue\u00f1o de que en el estado se crear\u00eda una Universidad Aut\u00f3noma, a la que pudieran incorporarse los hijos de los guerrerenses m\u00e1s pobres de la entidad.<\/p>\n\n\n\n<p>Era de los j\u00f3venes que manten\u00edan la huelga en la azotea del Hist\u00f3rico Edificio Docente, sus padres, peque\u00f1os comerciantes que atend\u00edan un puesto en el improvisado mercado que de manera solidaria se mud\u00f3, del centro de la ciudad hacia la avenida Guerrero.<\/p>\n\n\n\n<p>\u201cEse d\u00eda yo acababa de salir del edificio docemte porque hab\u00eda estado mucho tiempo con los compa\u00f1eros, mi mam\u00e1 estaba preocupada y me pidi\u00f3 que saliera, ya estando afuera me orden\u00f3 que le acarreara unas cubetas con agua. En la avenida Benito Ju\u00e1rez hab\u00eda una gasolinera y cerca de ella estaba un hidrante, por lo que obedec\u00ed de buena gana y fue por el mandado\u201d.<\/p>\n\n\n\n<p>Juan cargaba el balde con agua ya de regreso, caminaba sobre la calle Nicol\u00e1s Catal\u00e1n cuando se percat\u00f3 que el electricista Enrique Ram\u00edrez Fragoso utilizaba unas maneas para escalar un poste, con la intenci\u00f3n de acomodar una manta.<\/p>\n\n\n\n<p>\u201cEl electricista ya estaba arriba, entonces el soldado que estaba de vigilante va y le ordena que se bajara, este le responde que no y sin m\u00e1s, sin discutir ni entrar en choque, completamente a sangre fr\u00eda le dispar\u00f3\u201d.<\/p>\n\n\n\n<p>Juan Luqu\u00edn recuerda que no tuvo ni siquiera el impulso de correr, porque el hecho fue repentino, sin discusi\u00f3n previa, sin nada que generara una carga de adrenalina.<\/p>\n\n\n\n<p>\u201cNo corr\u00ed, fue algo muy natural, como cuando una persona le tira una piedra a un p\u00e1jaro, sin una expresi\u00f3n en lo absoluto, el electricista cay\u00f3 de inmediato\u201d.<\/p>\n\n\n\n<p>Desde la parte sur de la ciudad ya se desplazaban con direcci\u00f3n hacia la alameda dos pelotones de soldados, entonces Juan recuerda que el instinto le hizo deducir que los militares ya ten\u00edan \u00f3rdenes de actuar, pues \u201ctra\u00edan la bayoneta calada\u201d.<\/p>\n\n\n\n<p>\u201cMe encontr\u00e9 con mi mam\u00e1 en la esquina de Nicol\u00e1s Catal\u00e1n con la avenida Vicente Guerrero, me dijo -v\u00e1monos r\u00e1pido porque nos van a matar-, entonces los soldados comenzaron a disparar y ella call\u00f3 frente a mi, yo la detuve de los hombros y enseguida, el instint\u00f3 me proyect\u00f3 hacia el suelo, sent\u00ed una sensasi\u00f3n muy fuerte de calor en la oreja izquierda y vi un fuerte impacto de bala en la pared\u201d.<\/p>\n\n\n\n<p>La masacre entraba en su punto \u00e1lgido, Juan desde el suelo alcanz\u00f3 a observar como el soldado que asesin\u00f3 al electricista se repleg\u00f3 hacia la gasolinera mientras los dem\u00e1s avanzaban con direcci\u00f3n al edificio docente.<\/p>\n\n\n\n<p>\u201cNo me toc\u00f3 a mi porque Dios y mi madre me protegieron, pero las balas pasaban de un lado para otro, estuve en el suelo mucho tiempo, desde ah\u00ed me percat\u00e9 de que un soldado me apunt\u00f3 como a 50 metros de distancia\u201d, se\u00f1al\u00f3.<\/p>\n\n\n\n<p>\u201cCuando acabaron los balazos me incorpre, tom\u00e9 en los brazos a mi madre, con ella me met\u00ed a un edificio propiedad del ex gobernador Baltazar R. Leyva Mancilla, la puerta estaba entreabierta y la deposit\u00e9 en el piso, hice que mi mam\u00e1 reposara con su cabeza en mis piernas y ah\u00ed muri\u00f3\u201d.<\/p>\n\n\n\n<p>A 61 a\u00f1os de distancia, Juan sostiene que muchos de los recuerdos se le borraron, que en su mente se form\u00f3 un gran vac\u00edo en el que solo existen algunos recuerdos con pocos detalles.<\/p>\n\n\n\n<p>\u201cNos subieron a un carro, nos llevaron hacia una casa en la colonia Viguri, la gente gritaba que busc\u00e1ramos dinamia para defendernos pero pues \u00bfQu\u00e9 ibamos a encontrar ah\u00ed? Luego nos dijeron que se hab\u00edan desatado m\u00e1s agresiones\u201d.<\/p>\n\n\n\n<p>Reprocha que hubo una Comisi\u00f3n del Senado que lleg\u00f3 a Guerrero para investigar lo sucedido, primero dijeron que el Ej\u00e9rcito hab\u00eda repelido una agresi\u00f3n, pero los civiles nunca atacaron a los soldados.<\/p>\n\n\n\n<p>Los sentimientos afloran cada 30 de diciembre, la charla termina con una larga pausa, un silencio respetuoso.<\/p>\n\n\n\n<p>Rompe el silencio para recordar que en el recorrido hacia el refugio, pudo observar muchas personas con los intestinos expuestos, prueba de que los militares utilizaron sus bayonetas contra la poblaci\u00f3n civil.<\/p>\n\n\n\n<p>\u201cEl senado dijo que los soldados respondieron a una agresi\u00f3n, eso no fue cierto, los compa\u00f1eros nunca dispararon, se defendieron con sus propias manos, con palos y quiz\u00e1s algunas piedras, nada m\u00e1s\u201d, se\u00f1ala.<\/p>\n","protected":false},"excerpt":{"rendered":"<p>&#8211; Los militares tra\u00edan la bayoneta calada, recuerda el acad\u00e9mica de la UAGro Rogelio Agust\u00edn Juan Luqu\u00edn L\u00f3pez sobrevivi\u00f3 a la masacre desatada por elementos del Ej\u00e9rcito Nacional, el 30&hellip; <\/p>\n","protected":false},"author":21,"featured_media":39845,"comment_status":"open","ping_status":"open","sticky":false,"template":"","format":"standard","meta":{"fifu_image_url":"","fifu_image_alt":"","footnotes":""},"categories":[15],"tags":[],"class_list":["post-39844","post","type-post","status-publish","format-standard","has-post-thumbnail","hentry","category-movimientos-sociales"],"_links":{"self":[{"href":"https:\/\/www.interaccionnoticias.com.mx\/index.php?rest_route=\/wp\/v2\/posts\/39844","targetHints":{"allow":["GET"]}}],"collection":[{"href":"https:\/\/www.interaccionnoticias.com.mx\/index.php?rest_route=\/wp\/v2\/posts"}],"about":[{"href":"https:\/\/www.interaccionnoticias.com.mx\/index.php?rest_route=\/wp\/v2\/types\/post"}],"author":[{"embeddable":true,"href":"https:\/\/www.interaccionnoticias.com.mx\/index.php?rest_route=\/wp\/v2\/users\/21"}],"replies":[{"embeddable":true,"href":"https:\/\/www.interaccionnoticias.com.mx\/index.php?rest_route=%2Fwp%2Fv2%2Fcomments&post=39844"}],"version-history":[{"count":1,"href":"https:\/\/www.interaccionnoticias.com.mx\/index.php?rest_route=\/wp\/v2\/posts\/39844\/revisions"}],"predecessor-version":[{"id":39846,"href":"https:\/\/www.interaccionnoticias.com.mx\/index.php?rest_route=\/wp\/v2\/posts\/39844\/revisions\/39846"}],"wp:featuredmedia":[{"embeddable":true,"href":"https:\/\/www.interaccionnoticias.com.mx\/index.php?rest_route=\/wp\/v2\/media\/39845"}],"wp:attachment":[{"href":"https:\/\/www.interaccionnoticias.com.mx\/index.php?rest_route=%2Fwp%2Fv2%2Fmedia&parent=39844"}],"wp:term":[{"taxonomy":"category","embeddable":true,"href":"https:\/\/www.interaccionnoticias.com.mx\/index.php?rest_route=%2Fwp%2Fv2%2Fcategories&post=39844"},{"taxonomy":"post_tag","embeddable":true,"href":"https:\/\/www.interaccionnoticias.com.mx\/index.php?rest_route=%2Fwp%2Fv2%2Ftags&post=39844"}],"curies":[{"name":"wp","href":"https:\/\/api.w.org\/{rel}","templated":true}]}}