{"id":39840,"date":"2021-12-30T19:09:07","date_gmt":"2021-12-31T01:09:07","guid":{"rendered":"https:\/\/interaccionnoticias.com.mx\/?p=39840"},"modified":"2021-12-30T19:09:12","modified_gmt":"2021-12-31T01:09:12","slug":"familiares-de-victimas-de-la-masacre-de-1960-exigen-que-se-de-marcha-atras-al-nombramiento-en-la-fiscalia-de-guerrero","status":"publish","type":"post","link":"https:\/\/www.interaccionnoticias.com.mx\/?p=39840","title":{"rendered":"Familiares de v\u00edctimas de la masacre de 1960, exigen que se d\u00e9 marcha atr\u00e1s al nombramiento en la Fiscal\u00eda de Guerrero"},"content":{"rendered":"\n<p><strong><em>&#8211; Recuerdan que los que ordenaron la masacre en la alameda Granados Maldonado, fueron militares bajo las \u00f3rdenes del general Ra\u00fal Caballero Aburto<\/em><\/strong>\u00a0\u00a0 \u00a0<\/p>\n\n\n\n<p><strong>Rogelio Agust\u00edn<\/strong><\/p>\n\n\n\n<p>Familiares de v\u00edctimas de la masacre ocurrida en la alameda Granados Maldonado el 30 de diciembre de 1960, solicitaron al Gobierno de Guerrero que revise la posibilidad de nombrar a un nuevo titular en la Fiscal\u00eda General del Estado (FGE), por los agravios que las fuerzas castrences han cometido en agravio de la poblaci\u00f3n en esta parte del pa\u00eds.<\/p>\n\n\n\n<p>La ma\u00f1ana del jueves, representantes de la Universidad Aut\u00f3noma de Guerrero (UAGro), familiares de las 19 v\u00edctimas mortales oficialmente reconocidas por dichos hechos, as\u00ed como dirigentes de organizaciones sociales, se concentraron en el monumento a los m\u00e1rtires ubicado en la alameda Granados Maldonado.<\/p>\n\n\n\n<p>En un primer evento, el rector de la UAGro, Alfredo Romero Olea fue cuestionado en un primer momento sobre el&nbsp;&nbsp;nombramiento de la Teniente Coronel, Sandra Luz Valdovinos Salmer\u00f3n como titular de la FGE.<\/p>\n\n\n\n<p>Romero Olea plante\u00f3 la necesidad de otorgar el beneficio de la duda para la nueva funcionaria, esperando a que haya resultados en su desempe\u00f1o para tener los elementos suficientes para emitir un comentario posterior.<\/p>\n\n\n\n<p>En un evento posterior, Javier Bernab\u00e9 D\u00edaz, acad\u00e9mico de la instituci\u00f3n reproch\u00f3 el origen militar de la nueva fiscal de Guerrero y cuestion\u00f3 si sus estudios de Derecho alcanzan el nivel de Doctorado.&nbsp;<\/p>\n\n\n\n<p>\u201cAh\u00ed est\u00e1 el error pues, yo creo que deberia ser un gran em\u00e9rito conocedor de las leyes, un fiscal que conozca de legislaci\u00f3n y que sea de Guerrero\u201d, dijo el profesor, que lament\u00f3 tambi\u00e9n que no se tome en cuenta, que la masacre del 60 fue provocada por mandos militares.&nbsp;<\/p>\n\n\n\n<p>\u201cNo se vale\u201d, dijo el profesor, al cuestionar el hecho de que el Congreso no haya ejercido a cabalidad su responsabilidad de nombrar a un fiscal.<\/p>\n\n\n\n<p>La Maestra Olga Delia Vivar Flores, ex directora de Investigaci\u00f3n Cient\u00edfica, solicit\u00f3 a la gobernadora del estado, que garantice la paz, la justicia y la concordia, pues no debe olvidar que el pueblo de Guerrero confi\u00f3 en ella.<\/p>\n\n\n\n<p>En el evento estuvo Micaela Caba\u00f1as, hija del jefe guerrillero Lucio Caba\u00f1as Barrientos, quien sostuvo que incorporar a mandos militares en espacios de alta responsabilidad, como la Fiscal\u00eda de Guerrero, es una decisi\u00f3n que puede tener un costo social muy alto.<\/p>\n","protected":false},"excerpt":{"rendered":"<p>&#8211; Recuerdan que los que ordenaron la masacre en la alameda Granados Maldonado, fueron militares bajo las \u00f3rdenes del general Ra\u00fal Caballero Aburto\u00a0\u00a0 \u00a0 Rogelio Agust\u00edn Familiares de v\u00edctimas de&hellip; <\/p>\n","protected":false},"author":21,"featured_media":39841,"comment_status":"open","ping_status":"open","sticky":false,"template":"","format":"standard","meta":{"fifu_image_url":"","fifu_image_alt":"","footnotes":""},"categories":[15],"tags":[],"class_list":["post-39840","post","type-post","status-publish","format-standard","has-post-thumbnail","hentry","category-movimientos-sociales"],"_links":{"self":[{"href":"https:\/\/www.interaccionnoticias.com.mx\/index.php?rest_route=\/wp\/v2\/posts\/39840","targetHints":{"allow":["GET"]}}],"collection":[{"href":"https:\/\/www.interaccionnoticias.com.mx\/index.php?rest_route=\/wp\/v2\/posts"}],"about":[{"href":"https:\/\/www.interaccionnoticias.com.mx\/index.php?rest_route=\/wp\/v2\/types\/post"}],"author":[{"embeddable":true,"href":"https:\/\/www.interaccionnoticias.com.mx\/index.php?rest_route=\/wp\/v2\/users\/21"}],"replies":[{"embeddable":true,"href":"https:\/\/www.interaccionnoticias.com.mx\/index.php?rest_route=%2Fwp%2Fv2%2Fcomments&post=39840"}],"version-history":[{"count":1,"href":"https:\/\/www.interaccionnoticias.com.mx\/index.php?rest_route=\/wp\/v2\/posts\/39840\/revisions"}],"predecessor-version":[{"id":39843,"href":"https:\/\/www.interaccionnoticias.com.mx\/index.php?rest_route=\/wp\/v2\/posts\/39840\/revisions\/39843"}],"wp:featuredmedia":[{"embeddable":true,"href":"https:\/\/www.interaccionnoticias.com.mx\/index.php?rest_route=\/wp\/v2\/media\/39841"}],"wp:attachment":[{"href":"https:\/\/www.interaccionnoticias.com.mx\/index.php?rest_route=%2Fwp%2Fv2%2Fmedia&parent=39840"}],"wp:term":[{"taxonomy":"category","embeddable":true,"href":"https:\/\/www.interaccionnoticias.com.mx\/index.php?rest_route=%2Fwp%2Fv2%2Fcategories&post=39840"},{"taxonomy":"post_tag","embeddable":true,"href":"https:\/\/www.interaccionnoticias.com.mx\/index.php?rest_route=%2Fwp%2Fv2%2Ftags&post=39840"}],"curies":[{"name":"wp","href":"https:\/\/api.w.org\/{rel}","templated":true}]}}