{"id":39837,"date":"2021-12-30T18:07:33","date_gmt":"2021-12-31T00:07:33","guid":{"rendered":"https:\/\/interaccionnoticias.com.mx\/?p=39837"},"modified":"2021-12-30T18:07:37","modified_gmt":"2021-12-31T00:07:37","slug":"pide-uagro-que-no-le-sean-retiradas-35-unidades-que-tiene-en-comodato-por-parte-del-gobierno","status":"publish","type":"post","link":"https:\/\/www.interaccionnoticias.com.mx\/?p=39837","title":{"rendered":"Pide UAGro que no le sean retiradas 35 unidades que tiene en comodato por parte del gobierno"},"content":{"rendered":"\n<p><em><strong>&#8211; Sirven para el traslado de viajes de estudiantes de escasos recursos<\/strong><\/em>\u00a0<\/p>\n\n\n\n<p><strong>Jes\u00fas Dorantes<\/strong><\/p>\n\n\n\n<p><strong>Chilpancingo , Gro .-<\/strong> La Universidad Aut\u00f3noma del Estado de Guerrero (UAGro) solicit\u00f3 al gobierno del Estado que no retire las 35 unidades que fueron otorgadas en comodato a diferentes escuelas y facultades de la m\u00e1xima casa de estudios, mismas que ya son requeridas por la administraci\u00f3n de Evelyn Salgado Pineda.<\/p>\n\n\n\n<p>La requisici\u00f3n de las unidades se plante\u00f3 por medio de un escrito emitido por la Secretar\u00eda de Finanzas, como parte de la estrategia de recuperaci\u00f3n de unidades y bienes que se realiza en el contexto de las medidas de austeridad.<\/p>\n\n\n\n<p>En el marco de la conmemoraci\u00f3n de los 61 a\u00f1os de la masacre ocurrida en la alameda Granados Maldonado, el luchador social, Arturo Miranda Ram\u00edrez hizo un llamado a la mandataria del estado para que no sean retiradas las unidades que se utilizan para viajes escolares y practicas.<\/p>\n\n\n\n<p>\u201cAprovecho para hacerle llegar un llamado a la gobernadora del estado para que la medida aplicada para recuperar los veh\u00edculos del gobierno no sea aplicada de manera indiscriminada en aquellos casos de que fueron asignados para atender necesidades acad\u00e9micas de escuelas y facultades de la Universidad Aut\u00f3noma de Guerrero, apoyamos la recuperaci\u00f3n de veh\u00edculos oficiales que ilegalmente porten funcionarios de gobiernos salientes , l\u00edderes y dem\u00e1s vivales que de manera deshonesta luzcan como propio un bien adquirido con dinero del pueblo\u00bb, destac\u00f3 Miranda Ram\u00edrez.<\/p>\n\n\n\n<p>Destac\u00f3 que a las 35 unidades se les da un uso acad\u00e9mico, lo cual no es un delito y que el delito real es que sean usadas por personas que no tienen un cargo p\u00fablico y se luzcan usando veh\u00edculos que no son de su propiedad.&nbsp;<\/p>\n\n\n\n<p>Por su parte, el rector de la m\u00e1xima casa de estudios, Jos\u00e9 Alfredo Romero Olea inform\u00f3 la solicitud les lleg\u00f3 por parte del gobierno estatal en un escrito en d\u00edas pasados \u00abNos dieron hace varios a\u00f1os, bueno no nos dieron; fue un comodato que involucra como 35 urvan, camionetas y autobuses, y hace unos d\u00edas este mes nos lleg\u00f3 un oficio d\u00f3nde nos solicitaban que los devolvieramos y como era similar a un pr\u00e9stamo, los estamos ya solicitando a todas las escuelas y los centros para reunirlos y poderlos regresar\u00bb.<\/p>\n\n\n\n<p>El l\u00edder de la UAgro asegur\u00f3 que se sumaba a la solicitud de no permitir que les retiren los veh\u00edculos, tachando de injusta la acci\u00f3n de Poder Ejecutivo, por lo que se realizar\u00e1 una gesti\u00f3n para que se contin\u00fae con el comodato de los 35 veh\u00edculos, dando de ejemplo que han sido de gran utilidad para el transporte de alumnos durante las jornada de vacunaci\u00f3n, en el contexto de la pandemia de Covid-19 que se vive en el pa\u00eds.<\/p>\n","protected":false},"excerpt":{"rendered":"<p>&#8211; Sirven para el traslado de viajes de estudiantes de escasos recursos\u00a0 Jes\u00fas Dorantes Chilpancingo , Gro .- La Universidad Aut\u00f3noma del Estado de Guerrero (UAGro) solicit\u00f3 al gobierno del&hellip; <\/p>\n","protected":false},"author":8,"featured_media":39838,"comment_status":"open","ping_status":"open","sticky":false,"template":"","format":"standard","meta":{"fifu_image_url":"","fifu_image_alt":"","footnotes":""},"categories":[6],"tags":[],"class_list":["post-39837","post","type-post","status-publish","format-standard","has-post-thumbnail","hentry","category-educacion"],"_links":{"self":[{"href":"https:\/\/www.interaccionnoticias.com.mx\/index.php?rest_route=\/wp\/v2\/posts\/39837","targetHints":{"allow":["GET"]}}],"collection":[{"href":"https:\/\/www.interaccionnoticias.com.mx\/index.php?rest_route=\/wp\/v2\/posts"}],"about":[{"href":"https:\/\/www.interaccionnoticias.com.mx\/index.php?rest_route=\/wp\/v2\/types\/post"}],"author":[{"embeddable":true,"href":"https:\/\/www.interaccionnoticias.com.mx\/index.php?rest_route=\/wp\/v2\/users\/8"}],"replies":[{"embeddable":true,"href":"https:\/\/www.interaccionnoticias.com.mx\/index.php?rest_route=%2Fwp%2Fv2%2Fcomments&post=39837"}],"version-history":[{"count":1,"href":"https:\/\/www.interaccionnoticias.com.mx\/index.php?rest_route=\/wp\/v2\/posts\/39837\/revisions"}],"predecessor-version":[{"id":39839,"href":"https:\/\/www.interaccionnoticias.com.mx\/index.php?rest_route=\/wp\/v2\/posts\/39837\/revisions\/39839"}],"wp:featuredmedia":[{"embeddable":true,"href":"https:\/\/www.interaccionnoticias.com.mx\/index.php?rest_route=\/wp\/v2\/media\/39838"}],"wp:attachment":[{"href":"https:\/\/www.interaccionnoticias.com.mx\/index.php?rest_route=%2Fwp%2Fv2%2Fmedia&parent=39837"}],"wp:term":[{"taxonomy":"category","embeddable":true,"href":"https:\/\/www.interaccionnoticias.com.mx\/index.php?rest_route=%2Fwp%2Fv2%2Fcategories&post=39837"},{"taxonomy":"post_tag","embeddable":true,"href":"https:\/\/www.interaccionnoticias.com.mx\/index.php?rest_route=%2Fwp%2Fv2%2Ftags&post=39837"}],"curies":[{"name":"wp","href":"https:\/\/api.w.org\/{rel}","templated":true}]}}