{"id":39831,"date":"2021-12-30T17:05:25","date_gmt":"2021-12-30T23:05:25","guid":{"rendered":"https:\/\/interaccionnoticias.com.mx\/?p=39831"},"modified":"2021-12-30T17:05:30","modified_gmt":"2021-12-30T23:05:30","slug":"golpean-torturan-y-estrangulan-a-un-hombre","status":"publish","type":"post","link":"https:\/\/www.interaccionnoticias.com.mx\/?p=39831","title":{"rendered":"Golpean, torturan y estrangulan a un hombre"},"content":{"rendered":"\n<p><strong><em>&#8211; Fue encostalado y arrojado a la v\u00eda p\u00fablica\u00a0<br>&#8211; Se encuentra en calidad de desconocido<\/em><\/strong>\u00a0<\/p>\n\n\n\n<p><strong>Javier Trujillo<\/strong>\u00a0<\/p>\n\n\n\n<p><strong>Acapulco, Gro. \u2013<\/strong> Dentro de una costalilla, y pl\u00e1stico, fue encontrado el cad\u00e1ver de un hombre que fue golpeado, torturado y privado de la vida, la ma\u00f1ana de este jueves al poniente de Acapulco.\u00a0<\/p>\n\n\n\n<p>La v\u00edctima, reportada alrededor de las 08:30 horas, a trav\u00e9s de una llamada de emergencia del 911, fue encontrado muerto por asfixia, golpeado y con visibles huellas de tortura en el fraccionamiento Mozimba.&nbsp;<\/p>\n\n\n\n<p>Alrededor de las 08:37 de la ma\u00f1ana de este jueves se report\u00f3 a trav\u00e9s de una llamada al Servicio de Emergencia, el cad\u00e1ver de una persona, dentro de una costalilla, abandonado, en la calle Cantiles.&nbsp;<\/p>\n\n\n\n<p>Hasta la escena del crimen, acudieron de inmediato efectivos de distintas corporaciones de seguridad y ministerial, las cuales confirmaron el hallazgo del cad\u00e1ver de un hombre golpeado, atado dentro de una costalilla, y con cables atados en el cuello, conocido como torniquete.&nbsp;<\/p>\n\n\n\n<p>El \u00e1rea fue acordonada para llevar a cabo las diligencias e integrarlas a una carpeta de investigaci\u00f3n.&nbsp;<\/p>\n\n\n\n<p>M\u00e1s tarde, se orden\u00f3 el levantamiento cadav\u00e9rico al Servicio M\u00e9dico Forense (Semefo), donde habr\u00e1 de determinarse las probables causas del deceso y que sea identificado, ya que est\u00e1 en calidad de desconocido.<\/p>\n","protected":false},"excerpt":{"rendered":"<p>&#8211; Fue encostalado y arrojado a la v\u00eda p\u00fablica\u00a0&#8211; Se encuentra en calidad de desconocido\u00a0 Javier Trujillo\u00a0 Acapulco, Gro. \u2013 Dentro de una costalilla, y pl\u00e1stico, fue encontrado el cad\u00e1ver&hellip; <\/p>\n","protected":false},"author":3,"featured_media":39832,"comment_status":"open","ping_status":"open","sticky":false,"template":"","format":"standard","meta":{"fifu_image_url":"","fifu_image_alt":"","footnotes":""},"categories":[27],"tags":[],"class_list":["post-39831","post","type-post","status-publish","format-standard","has-post-thumbnail","hentry","category-seguridad-publica"],"_links":{"self":[{"href":"https:\/\/www.interaccionnoticias.com.mx\/index.php?rest_route=\/wp\/v2\/posts\/39831","targetHints":{"allow":["GET"]}}],"collection":[{"href":"https:\/\/www.interaccionnoticias.com.mx\/index.php?rest_route=\/wp\/v2\/posts"}],"about":[{"href":"https:\/\/www.interaccionnoticias.com.mx\/index.php?rest_route=\/wp\/v2\/types\/post"}],"author":[{"embeddable":true,"href":"https:\/\/www.interaccionnoticias.com.mx\/index.php?rest_route=\/wp\/v2\/users\/3"}],"replies":[{"embeddable":true,"href":"https:\/\/www.interaccionnoticias.com.mx\/index.php?rest_route=%2Fwp%2Fv2%2Fcomments&post=39831"}],"version-history":[{"count":1,"href":"https:\/\/www.interaccionnoticias.com.mx\/index.php?rest_route=\/wp\/v2\/posts\/39831\/revisions"}],"predecessor-version":[{"id":39833,"href":"https:\/\/www.interaccionnoticias.com.mx\/index.php?rest_route=\/wp\/v2\/posts\/39831\/revisions\/39833"}],"wp:featuredmedia":[{"embeddable":true,"href":"https:\/\/www.interaccionnoticias.com.mx\/index.php?rest_route=\/wp\/v2\/media\/39832"}],"wp:attachment":[{"href":"https:\/\/www.interaccionnoticias.com.mx\/index.php?rest_route=%2Fwp%2Fv2%2Fmedia&parent=39831"}],"wp:term":[{"taxonomy":"category","embeddable":true,"href":"https:\/\/www.interaccionnoticias.com.mx\/index.php?rest_route=%2Fwp%2Fv2%2Fcategories&post=39831"},{"taxonomy":"post_tag","embeddable":true,"href":"https:\/\/www.interaccionnoticias.com.mx\/index.php?rest_route=%2Fwp%2Fv2%2Ftags&post=39831"}],"curies":[{"name":"wp","href":"https:\/\/api.w.org\/{rel}","templated":true}]}}