{"id":39828,"date":"2021-12-30T13:54:35","date_gmt":"2021-12-30T19:54:35","guid":{"rendered":"https:\/\/interaccionnoticias.com.mx\/?p=39828"},"modified":"2021-12-30T13:54:40","modified_gmt":"2021-12-30T19:54:40","slug":"refuerza-gobernadora-evelyn-salgado-y-mesa-de-coordinacion-operativos-conjuntos-de-seguridad-en-guerrero","status":"publish","type":"post","link":"https:\/\/www.interaccionnoticias.com.mx\/?p=39828","title":{"rendered":"Refuerza Gobernadora Evelyn Salgado y Mesa de Coordinaci\u00f3n operativos conjuntos de seguridad en Guerrero"},"content":{"rendered":"\n<p><em><strong>&#8211; Hay una estrecha coordinaci\u00f3n para cuidar adecuadamente a los guerrerenses y nuestros visitantes: Evelyn Salgado<br>&#8211; Alista Gobierno del Estado, SEDENA y MARINA resguardo y seguridad por Gala Pirot\u00e9cnica en 20 puntos de Acapulco y destinos tur\u00edsticos de Guerrero<\/strong><\/em>\u00a0<\/p>\n\n\n\n<p><strong>Chilpancingo, Gro; a 30 de diciembre de 2021.-<\/strong> Al encabezar la Gobernadora del Estado, Evelyn Salgado Pineda, la sesi\u00f3n diaria de la Mesa de Coordinaci\u00f3n para la Construcci\u00f3n de la Paz, enfatiz\u00f3 que, ante la importante afluencia de turistas, se ha reforzado el operativo coordinado entre las instancias de seguridad p\u00fablica y procuraci\u00f3n de justicia para atender y apoyar a visitantes durante el cierre de fin de a\u00f1o en los destinos tur\u00edsticos de Guerrero, en lo que resta de la Temporada Vacacional Invierno 2021.<\/p>\n\n\n\n<p>\u00abDurante este periodo vacacional, mantenemos una estrecha coordinaci\u00f3n entre las Fuerzas Armadas y las diversas dependencias del gobierno del estado, con la finalidad de brindar seguridad a las y los guerrerenses, as\u00ed como a todas y todos nuestros visitantes. Con trabajo coordinado seguiremos dando resultados y Transformando Guerrero\u00bb, afirm\u00f3 la gobernadora Evelyn Salgado.&nbsp;<\/p>\n\n\n\n<p>Durante esta reuni\u00f3n virtual, la titular del Ejecutivo Estatal, mencion\u00f3 que se han redoblado esfuerzos con el despliegue de elementos de la SEDENA, MARINA, Guardia Nacional, Fiscal\u00eda General de la Rep\u00fablica y Fiscal\u00eda General del Estado, a fin de ofrecer la seguridad necesaria que requieren los visitantes y turistas durante su estancia en los diferentes puntos tur\u00edsticos.<\/p>\n\n\n\n<p>Adem\u00e1s, el Secretario de Protecci\u00f3n Civil Estatal, Roberto Arroyo Matus, inform\u00f3 que todo est\u00e1 listo, en materia de Protecci\u00f3n Civil y prevenci\u00f3n en coordinaci\u00f3n con la SEDENA, MARINA y el Gobierno Municipal, para el resguardo y seguridad de quienes acudir\u00e1n a presenciar este espect\u00e1culo.&nbsp;<\/p>\n\n\n\n<p>Por su parte, el Subsecretario de Prevenci\u00f3n y Control de Enfermedades, Jes\u00fas Ulises Adame, mencion\u00f3 que en los destinos tur\u00edsticos en el Estado, est\u00e1n instalados un total de 14 m\u00f3dulos de atenci\u00f3n, detecci\u00f3n de pruebas COVID-19 y consulta externa, adem\u00e1s de las acciones de prevenci\u00f3n como el uso de cubre bocas y aplicaci\u00f3n del gel antibacterial, en terminales y zonas tur\u00edsticas para continuar reducci\u00f3n de los contagios en la entidad.<\/p>\n\n\n\n<p>A la reuni\u00f3n asistieron, el Secretario General de Gobierno, Sa\u00fal L\u00f3pez Sollano; el Comandante de la Novena Regi\u00f3n Militar, Celestino \u00c1vila Astudillo; el Comandante de la Octava Regi\u00f3n Naval, Almirante Julio C\u00e9sar Pescina \u00c1vila; el Comisario de la Guardia Nacional, Lucio Vergara G\u00f3mez; el General de la 27 Zona Militar, Federico San Juan Rosales; el Subjefe de Estaci\u00f3n del Centro Nacional de Inteligencia Olegario Romero Cruz; el Delegado de la Fiscal\u00eda General de la Rep\u00fablica, Fernando Garc\u00eda Fern\u00e1ndez y el Vicefiscal de Investigaci\u00f3n, H\u00e9ctor Calleja Panigua.&nbsp;<\/p>\n\n\n\n<p>As\u00ed como el Secretario de Seguridad P\u00fablica de Guerrero, Capit\u00e1n de Marina, Evelio M\u00e9ndez G\u00f3mez; el Delegado Federal en Guerrero, Iv\u00e1n Hern\u00e1ndez D\u00edaz; el Secretario T\u00e9cnico, Hermes Teodoro Gonz\u00e1lez; el Subsecretario de Desarrollo Pol\u00edtico y Social de la Secretar\u00eda General de Gobierno, Ludwig Marcial Reynoso; el Jefe de la Oficina del Ejecutivo Estatal, Jes\u00fas Uri\u00f3stegui Garc\u00eda y el Director General de Comunicaci\u00f3n Social del Estado de Guerrero, Ren\u00e9 Posselt.<\/p>\n","protected":false},"excerpt":{"rendered":"<p>&#8211; Hay una estrecha coordinaci\u00f3n para cuidar adecuadamente a los guerrerenses y nuestros visitantes: Evelyn Salgado&#8211; Alista Gobierno del Estado, SEDENA y MARINA resguardo y seguridad por Gala Pirot\u00e9cnica en&hellip; <\/p>\n","protected":false},"author":19,"featured_media":39829,"comment_status":"open","ping_status":"open","sticky":false,"template":"","format":"standard","meta":{"fifu_image_url":"","fifu_image_alt":"","footnotes":""},"categories":[11],"tags":[],"class_list":["post-39828","post","type-post","status-publish","format-standard","has-post-thumbnail","hentry","category-guerrero"],"_links":{"self":[{"href":"https:\/\/www.interaccionnoticias.com.mx\/index.php?rest_route=\/wp\/v2\/posts\/39828","targetHints":{"allow":["GET"]}}],"collection":[{"href":"https:\/\/www.interaccionnoticias.com.mx\/index.php?rest_route=\/wp\/v2\/posts"}],"about":[{"href":"https:\/\/www.interaccionnoticias.com.mx\/index.php?rest_route=\/wp\/v2\/types\/post"}],"author":[{"embeddable":true,"href":"https:\/\/www.interaccionnoticias.com.mx\/index.php?rest_route=\/wp\/v2\/users\/19"}],"replies":[{"embeddable":true,"href":"https:\/\/www.interaccionnoticias.com.mx\/index.php?rest_route=%2Fwp%2Fv2%2Fcomments&post=39828"}],"version-history":[{"count":1,"href":"https:\/\/www.interaccionnoticias.com.mx\/index.php?rest_route=\/wp\/v2\/posts\/39828\/revisions"}],"predecessor-version":[{"id":39830,"href":"https:\/\/www.interaccionnoticias.com.mx\/index.php?rest_route=\/wp\/v2\/posts\/39828\/revisions\/39830"}],"wp:featuredmedia":[{"embeddable":true,"href":"https:\/\/www.interaccionnoticias.com.mx\/index.php?rest_route=\/wp\/v2\/media\/39829"}],"wp:attachment":[{"href":"https:\/\/www.interaccionnoticias.com.mx\/index.php?rest_route=%2Fwp%2Fv2%2Fmedia&parent=39828"}],"wp:term":[{"taxonomy":"category","embeddable":true,"href":"https:\/\/www.interaccionnoticias.com.mx\/index.php?rest_route=%2Fwp%2Fv2%2Fcategories&post=39828"},{"taxonomy":"post_tag","embeddable":true,"href":"https:\/\/www.interaccionnoticias.com.mx\/index.php?rest_route=%2Fwp%2Fv2%2Ftags&post=39828"}],"curies":[{"name":"wp","href":"https:\/\/api.w.org\/{rel}","templated":true}]}}